{"id":102609,"date":"2019-08-21T15:41:10","date_gmt":"2019-08-21T13:41:10","guid":{"rendered":"https:\/\/zjarr.tv\/?p=102609"},"modified":"2019-08-21T15:41:10","modified_gmt":"2019-08-21T13:41:10","slug":"ne-shtator-nisim-protestat-bumci-largimi-i-rames-kthen-shpresen","status":"publish","type":"post","link":"https:\/\/zjarr.tv\/en\/ne-shtator-nisim-protestat-bumci-largimi-i-rames-kthen-shpresen\/","title":{"rendered":"N\u00eb shtator nisim protestat, Bum\u00e7i: Largimi i Ram\u00ebs kthen shpres\u00ebn"},"content":{"rendered":"<p>PD pritet t\u00eb nis\u00eb s\u00ebrish protestat n\u00eb shtator, kund\u00ebr qeveris\u00eb Rama. Lajmin e dha ish deputeti i PD, Aldo Bumci i ftuar n\u00eb rubrik\u00ebn Opinion n\u00eb Ne\u00ebs24.<\/p>\n<p>\u201cBeteja p\u00ebr demokracin\u00eb, nuk ndodh aq shpejt, me mendje do e kishim rr\u00ebzuar q\u00eb n\u00eb protest\u00ebn e pare. Pa mund nuk rr\u00ebzohet asgj\u00eb. Maduro n\u00eb Venezuel\u00eb, i ka dal\u00eb e gjith\u00eb bota kund\u00ebr, do rr\u00ebzohet, nuk ka jet\u00eb. Ai vijon, se nj\u00eb pushtet autoritar vijon mban njer\u00ebz k\u00ebrc\u00ebnon, edhe k\u00ebtu Rama me lek\u00ebt e drog\u00ebs e k\u00ebrc\u00ebnime, dhe largime masive \u00ebsht\u00eb nj\u00eb njeri pa oksigjen m\u00eb i dob\u00ebt se kurr\u00eb. shqiptar\u00ebt dol\u00ebn masivisht n\u00eb protesta. Ne do vijojm\u00eb protestat, n\u00eb shtator rifillojm\u00eb. \u00cbsht\u00eb folur p\u00ebr narkoshtet mes Europ\u00ebs. Largimi i tij hap rrug\u00ebn e shpres\u00ebs, njer\u00ebzve sot iu mungon buka e p\u00ebrditshme.\u201d u shpreh Bumci.<\/p>\n<div class=\"in-artile-read-more\">\n<h2><span style=\"font-family: Verdana, Geneva, sans-serif; font-size: 15px; color: #222222;\">Duke u ndaluar n\u00eb situat\u00ebn e krijuar n\u00eb Shkod\u00ebr, pas dor\u00ebheqjes s\u00eb Valdrin Pjetrit, Bumci tha se Shkodra mund t\u00eb konsiderohet nj\u00eb kriz\u00eb e vog\u00ebl n\u00eb krahasim me ng\u00ebrcin q\u00eb ka mb\u00ebrthyer vendin, ai akuzoi kreun e qeveris\u00eb se prej vitesh ka persekutuar bashkit\u00eb e djaththa duke iu hequr fondet apo duke I minimizuar skajsh\u00ebm ato.<\/span><\/h2>\n<\/div>\n<div id=\"rekl-13\">\n<div id=\"__sap-ad-15\" class=\"__sap-ads __sap-html tracked\" data-title=\"Credins desktop 08\"><ins><\/p>\n<div id=\"beacon_c0bb9c208c\"><img loading=\"lazy\" decoding=\"async\" src=\"https:\/\/ads1.medium.al\/www\/delivery\/lg.php?bannerid=373&amp;campaignid=48&amp;zoneid=182&amp;loc=https%3A%2F%2Fwww.syri.net%2Fpolitike%2F275362%2Fne-shtator-nisim-protestat-bumci-largimi-i-rames-kthen-shpresen%2F&amp;referer=https%3A%2F%2Fwww.syri.net%2Flajme%2F&amp;cb=c0bb9c208c\" alt=\"\" width=\"0\" height=\"0\" \/><\/div>\n<p><\/ins><\/div>\n<\/div>\n<p>nd\u00ebr t\u00eb tjera Bumci u ndal edhe n\u00eb lajmin e b\u00ebr\u00eb sot public n\u00eb media, lidhur me dosjen 184, e cila \u00ebsht\u00eb transferuar p\u00ebr hetim n\u00eb prokurorin\u00eb e Dibr\u00ebs, pasi Krimet e R\u00ebnda shpall\u00ebn moskompetenc\u00eb. P\u00ebr demokratin, zgjidhja \u00ebsht\u00eb vet\u00ebm politike, pas drejt\u00ebsia e prokuroria jan\u00eb t\u00eb kapura.<\/p>\n<p>\u201cU p\u00ebrmend dosja e Dibr\u00ebs, jan\u00eb p\u00ebrgjime zyrtare t\u00eb Prokuroris\u00eb, kan\u00eb tre vjet q\u00eb i mbajn\u00eb. Pse Rama duhet t\u00eb fitonte me cdo kusht Dibren ne 2016, sepse do t\u00eb marr\u00eb gjithcka. Zgjidhja \u00ebsht\u00eb politike, nuk ka shpres\u00eb q\u00eb zgjidhja t\u00eb vij\u00eb nga drejt\u00ebsia. Kjo dosje ka 3 vjet, Arta Marku duhet t\u00eb b\u00ebnte gjithcka q\u00eb ajo t\u00eb hetohej. N\u00eb Shkod\u00ebr, Pjetri doli i d\u00ebnuar p\u00ebr trafik droge. Kjo nuk \u00ebsht\u00eb rrufe n\u00eb qiell t\u00eb hapur, pat\u00ebn n\u00eb k\u00ebto vite, drejtore me m\u00eb shume t\u00eb drejta se deputetet. Rama ka sjell nj\u00eb armat\u00eb njer\u00ebzish t\u00eb d\u00ebnuar, q\u00eb ven\u00eb n\u00eb l\u00ebvizje rrjetin kriminal, burimin e drog\u00ebs. kjo \u00ebsht\u00eb kriza e Shqip\u00ebris\u00eb.\u201d vijoi m\u00eb tej Bumci.<\/p>","protected":false},"excerpt":{"rendered":"<p>PD pritet t\u00eb nis\u00eb s\u00ebrish protestat n\u00eb shtator, kund\u00ebr qeveris\u00eb Rama. Lajmin e dha ish deputeti i PD, Aldo Bumci i ftuar n\u00eb rubrik\u00ebn Opinion n\u00eb Ne\u00ebs24. \u201cBeteja p\u00ebr demokracin\u00eb, nuk ndodh aq shpejt, me mendje do e kishim rr\u00ebzuar q\u00eb n\u00eb protest\u00ebn e pare. Pa mund nuk rr\u00ebzohet asgj\u00eb. Maduro n\u00eb Venezuel\u00eb, i ka [&hellip;]<\/p>\n","protected":false},"author":2013,"featured_media":95282,"comment_status":"open","ping_status":"closed","sticky":false,"template":"","format":"standard","meta":{"footnotes":""},"categories":[241,235],"tags":[],"class_list":{"0":"post-102609","1":"post","2":"type-post","3":"status-publish","4":"format-standard","5":"has-post-thumbnail","7":"category-aktualitet","8":"category-vendi"},"_links":{"self":[{"href":"https:\/\/zjarr.tv\/en\/wp-json\/wp\/v2\/posts\/102609","targetHints":{"allow":["GET"]}}],"collection":[{"href":"https:\/\/zjarr.tv\/en\/wp-json\/wp\/v2\/posts"}],"about":[{"href":"https:\/\/zjarr.tv\/en\/wp-json\/wp\/v2\/types\/post"}],"author":[{"embeddable":true,"href":"https:\/\/zjarr.tv\/en\/wp-json\/wp\/v2\/users\/2013"}],"replies":[{"embeddable":true,"href":"https:\/\/zjarr.tv\/en\/wp-json\/wp\/v2\/comments?post=102609"}],"version-history":[{"count":0,"href":"https:\/\/zjarr.tv\/en\/wp-json\/wp\/v2\/posts\/102609\/revisions"}],"wp:featuredmedia":[{"embeddable":true,"href":"https:\/\/zjarr.tv\/en\/wp-json\/wp\/v2\/media\/95282"}],"wp:attachment":[{"href":"https:\/\/zjarr.tv\/en\/wp-json\/wp\/v2\/media?parent=102609"}],"wp:term":[{"taxonomy":"category","embeddable":true,"href":"https:\/\/zjarr.tv\/en\/wp-json\/wp\/v2\/categories?post=102609"},{"taxonomy":"post_tag","embeddable":true,"href":"https:\/\/zjarr.tv\/en\/wp-json\/wp\/v2\/tags?post=102609"}],"curies":[{"name":"wp","href":"https:\/\/api.w.org\/{rel}","templated":true}]}}