{"id":102618,"date":"2019-08-21T19:00:03","date_gmt":"2019-08-21T17:00:03","guid":{"rendered":"https:\/\/zjarr.tv\/?p=102618"},"modified":"2019-08-21T15:48:35","modified_gmt":"2019-08-21T13:48:35","slug":"pompeo-normalizimi-i-marredhenieve-me-kosoven-forcon-stabilitetin-e-serbise","status":"publish","type":"post","link":"https:\/\/zjarr.tv\/en\/pompeo-normalizimi-i-marredhenieve-me-kosoven-forcon-stabilitetin-e-serbise\/","title":{"rendered":"Pompeo: Normalizimi i marr\u00ebdh\u00ebnieve me Kosov\u00ebn forcon stabilitetin e Serbis\u00eb"},"content":{"rendered":"<p>Sekretari i Shtetit amerikan, Mike Pompeo, tha pas bisedimeve me presidentin e Serbis\u00eb Aleksand\u00ebr Vu\u00e7i\u00e7 sonte n\u00eb Nju Jork, se normalizimi i marr\u00ebdh\u00ebnieve me Kosov\u00ebn do t\u00eb forcoj\u00eb stabilitetin dhe prosperitetin e Serbis\u00eb, Ballkanit Per\u00ebndimor dhe komunitetit transatlantik.<\/p>\n<p>Pompeo shkroi n\u00eb Twitter se kishte nj\u00eb &#8220;drek\u00eb produktive&#8221; me Vu\u00e7i\u00e7, duke diskutuar &#8220;dialogun Kosov\u00eb-Serbi&#8221; dhe hyrjen e Serbis\u00eb n\u00eb Bashkimin Evropian.<\/p>\n<p><em>&#8220;Nj\u00eb drek\u00eb produktive me presidentin serb Aleksand\u00ebr Vu\u00e7i\u00e7 p\u00ebr dialogun midis Kosov\u00ebs dhe Serbis\u00eb dhe pranimit t\u00eb Serbis\u00eb n\u00eb Bashkimin Evropian. Normalizimi i marr\u00ebdh\u00ebnieve me Kosov\u00ebn do t\u00eb forcoj\u00eb stabilitetin dhe prosperitetin e Serbis\u00eb, Ballkanit Per\u00ebndimor dhe komunitetit transatlantik &#8220;, tha diplomati amerikan.<\/em><\/p>\n<p>Pompeo dhe Vu\u00e7i\u00e7 diskutuan n\u00eb prag t\u00eb nj\u00eb seance t\u00eb K\u00ebshillit t\u00eb Sigurimit t\u00eb Kombeve t\u00eb Bashkuara p\u00ebr situat\u00ebn n\u00eb Lindjen e Mesme.<\/p>","protected":false},"excerpt":{"rendered":"<p>Sekretari i Shtetit amerikan, Mike Pompeo, tha pas bisedimeve me presidentin e Serbis\u00eb Aleksand\u00ebr Vu\u00e7i\u00e7 sonte n\u00eb Nju Jork, se normalizimi i marr\u00ebdh\u00ebnieve me Kosov\u00ebn do t\u00eb forcoj\u00eb stabilitetin dhe prosperitetin e Serbis\u00eb, Ballkanit Per\u00ebndimor dhe komunitetit transatlantik. Pompeo shkroi n\u00eb Twitter se kishte nj\u00eb &#8220;drek\u00eb produktive&#8221; me Vu\u00e7i\u00e7, duke diskutuar &#8220;dialogun Kosov\u00eb-Serbi&#8221; dhe hyrjen [&hellip;]<\/p>\n","protected":false},"author":2013,"featured_media":102619,"comment_status":"open","ping_status":"closed","sticky":false,"template":"","format":"standard","meta":{"footnotes":""},"categories":[241,2],"tags":[],"class_list":{"0":"post-102618","1":"post","2":"type-post","3":"status-publish","4":"format-standard","5":"has-post-thumbnail","7":"category-aktualitet","8":"category-rajoni"},"_links":{"self":[{"href":"https:\/\/zjarr.tv\/en\/wp-json\/wp\/v2\/posts\/102618","targetHints":{"allow":["GET"]}}],"collection":[{"href":"https:\/\/zjarr.tv\/en\/wp-json\/wp\/v2\/posts"}],"about":[{"href":"https:\/\/zjarr.tv\/en\/wp-json\/wp\/v2\/types\/post"}],"author":[{"embeddable":true,"href":"https:\/\/zjarr.tv\/en\/wp-json\/wp\/v2\/users\/2013"}],"replies":[{"embeddable":true,"href":"https:\/\/zjarr.tv\/en\/wp-json\/wp\/v2\/comments?post=102618"}],"version-history":[{"count":0,"href":"https:\/\/zjarr.tv\/en\/wp-json\/wp\/v2\/posts\/102618\/revisions"}],"wp:featuredmedia":[{"embeddable":true,"href":"https:\/\/zjarr.tv\/en\/wp-json\/wp\/v2\/media\/102619"}],"wp:attachment":[{"href":"https:\/\/zjarr.tv\/en\/wp-json\/wp\/v2\/media?parent=102618"}],"wp:term":[{"taxonomy":"category","embeddable":true,"href":"https:\/\/zjarr.tv\/en\/wp-json\/wp\/v2\/categories?post=102618"},{"taxonomy":"post_tag","embeddable":true,"href":"https:\/\/zjarr.tv\/en\/wp-json\/wp\/v2\/tags?post=102618"}],"curies":[{"name":"wp","href":"https:\/\/api.w.org\/{rel}","templated":true}]}}