{"id":102621,"date":"2019-08-21T19:10:59","date_gmt":"2019-08-21T17:10:59","guid":{"rendered":"https:\/\/zjarr.tv\/?p=102621"},"modified":"2019-08-21T15:50:08","modified_gmt":"2019-08-21T13:50:08","slug":"doreheqja-e-contes-salvini-nuk-dua-nje-itali-skllave-te-askujt","status":"publish","type":"post","link":"https:\/\/zjarr.tv\/en\/doreheqja-e-contes-salvini-nuk-dua-nje-itali-skllave-te-askujt\/","title":{"rendered":"Dor\u00ebheqja e Contes, Salvini: Nuk dua nj\u00eb Itali skllave t\u00eb askujt"},"content":{"rendered":"<p>Pas fjal\u00ebs s\u00eb Giussepe Contes n\u00eb Senat ky sulmoi ashp\u00ebr Matteo Salvinin dhe deklaroi se do jepte dor\u00ebheqjen reagoi zv\/Kryeministri Matteo Salvini i cili deklaroi se nuk pendohet p\u00ebr asgj\u00eb.<\/p>\n<p><em>\u201cNuk pendohem p\u00ebr asgj\u00eb. Do rib\u00ebj gjith\u00e7ka me t\u00eb nj\u00ebjt\u00ebn forc\u00eb p\u00ebr t\u00eb qen\u00eb njeri i lir\u00eb,\u201d-<\/em>\u00a0tha ai.<\/p>\n<p>Nd\u00ebrsa shtoi se nuk d\u00ebshiron nj\u00eb Itali skllave t\u00eb askujt.<\/p>\n<p><em>&#8220;Nuk dua nj\u00eb Itali skllave t\u00eb askujt,\u201d<\/em>-shtoi Salvini.<\/p>\n<p>Conte u shpreh n\u00eb Senat sot se Salvini \u00ebsht\u00eb treguar i &#8220;pap\u00ebrgjegjsh\u00ebm&#8221; duke \u00e7uar n\u00eb krijimin e nj\u00eb krize t\u00eb re politike p\u00ebr Italin\u00eb p\u00ebr &#8220;interesa personale dhe partiake&#8221;.<\/p>\n<p>Ashtu si\u00e7 kishte paralajm\u00ebruar pak dit\u00eb m\u00eb par\u00eb kryeministri italian Giuseppe Conte referoi sot pasdite n\u00eb Senatin italian q\u00ebndrimin e tij mbi k\u00ebrkes\u00ebn e z\u00ebvend\u00ebskryeminstrit Matteo Salvini p\u00ebr zgjedhje t\u00eb parakohshme.<\/p>\n<p><strong>Nd\u00ebrsa shtoi se do i paraqes\u00eb dor\u00ebheqjen si kreu i qeveris\u00eb Presidentit t\u00eb Republik\u00ebs italiane.<\/strong><\/p>\n<p><em>&#8220;Shfryt\u00ebzoj k\u00ebt\u00eb mund\u00ebsi p\u00ebr t\u00eb njoftuar se do t&#8217;ia paraqes dor\u00ebheqjen time si kreu i qeveris\u00eb Presidentit t\u00eb Republik\u00ebs,&#8221;-<\/em>tha ai.\u00a0<em>&#8220;Puna e qeveris\u00eb sot merr fund. Vendimi p\u00ebr t\u00eb ndezur kriz\u00ebn qeveris\u00ebse n\u00eb mes t\u00eb gushtit \u00ebsht\u00eb i pap\u00ebrgjegjsh\u00ebm. Salvini me k\u00ebt\u00eb vendim d\u00ebshmoi pak kultur\u00eb institucionale e interesa personale e partiake.&#8221;<\/em><\/p>\n<p>&#8220;Kjo kriz\u00eb qeverie vjen n\u00eb nj\u00eb moment delikat p\u00ebr vendin n\u00eb raport me institucionet evropiane. K\u00ebto dit\u00eb po mbyllen bisedimet, p\u00ebr zgjedhjen e komisioner\u00ebve evropian\u00eb e personalisht po punoja p\u00ebr ti garantuar Italis\u00eb nj\u00eb rol qendror. Por kjo kriz\u00eb qeverie \u00e7on Italin\u00eb n\u00eb nj\u00eb pozicion te dob\u00ebt,\u201d-theksoi Conte.<\/p>\n<p>Ai shtoi se tha ai ka nevoj\u00eb jo p\u00ebr persona t\u00eb plotfuqish\u00ebm, por p\u00ebr njer\u00ebz me kultur\u00eb e p\u00ebrgjegj\u00ebsi institucionale.<\/p>","protected":false},"excerpt":{"rendered":"<p>Pas fjal\u00ebs s\u00eb Giussepe Contes n\u00eb Senat ky sulmoi ashp\u00ebr Matteo Salvinin dhe deklaroi se do jepte dor\u00ebheqjen reagoi zv\/Kryeministri Matteo Salvini i cili deklaroi se nuk pendohet p\u00ebr asgj\u00eb. \u201cNuk pendohem p\u00ebr asgj\u00eb. Do rib\u00ebj gjith\u00e7ka me t\u00eb nj\u00ebjt\u00ebn forc\u00eb p\u00ebr t\u00eb qen\u00eb njeri i lir\u00eb,\u201d-\u00a0tha ai. Nd\u00ebrsa shtoi se nuk d\u00ebshiron nj\u00eb Itali [&hellip;]<\/p>\n","protected":false},"author":2013,"featured_media":102622,"comment_status":"open","ping_status":"closed","sticky":false,"template":"","format":"standard","meta":{"footnotes":""},"categories":[241,191],"tags":[],"class_list":{"0":"post-102621","1":"post","2":"type-post","3":"status-publish","4":"format-standard","5":"has-post-thumbnail","7":"category-aktualitet","8":"category-bota"},"_links":{"self":[{"href":"https:\/\/zjarr.tv\/en\/wp-json\/wp\/v2\/posts\/102621","targetHints":{"allow":["GET"]}}],"collection":[{"href":"https:\/\/zjarr.tv\/en\/wp-json\/wp\/v2\/posts"}],"about":[{"href":"https:\/\/zjarr.tv\/en\/wp-json\/wp\/v2\/types\/post"}],"author":[{"embeddable":true,"href":"https:\/\/zjarr.tv\/en\/wp-json\/wp\/v2\/users\/2013"}],"replies":[{"embeddable":true,"href":"https:\/\/zjarr.tv\/en\/wp-json\/wp\/v2\/comments?post=102621"}],"version-history":[{"count":0,"href":"https:\/\/zjarr.tv\/en\/wp-json\/wp\/v2\/posts\/102621\/revisions"}],"wp:featuredmedia":[{"embeddable":true,"href":"https:\/\/zjarr.tv\/en\/wp-json\/wp\/v2\/media\/102622"}],"wp:attachment":[{"href":"https:\/\/zjarr.tv\/en\/wp-json\/wp\/v2\/media?parent=102621"}],"wp:term":[{"taxonomy":"category","embeddable":true,"href":"https:\/\/zjarr.tv\/en\/wp-json\/wp\/v2\/categories?post=102621"},{"taxonomy":"post_tag","embeddable":true,"href":"https:\/\/zjarr.tv\/en\/wp-json\/wp\/v2\/tags?post=102621"}],"curies":[{"name":"wp","href":"https:\/\/api.w.org\/{rel}","templated":true}]}}