{"id":102627,"date":"2019-08-21T19:30:02","date_gmt":"2019-08-21T17:30:02","guid":{"rendered":"https:\/\/zjarr.tv\/?p=102627"},"modified":"2019-08-21T15:52:34","modified_gmt":"2019-08-21T13:52:34","slug":"blindohet-qyteti-francez-13200-police-dhe-xhandare-mobilizohen-per-sigurine-e-g7-es","status":"publish","type":"post","link":"https:\/\/zjarr.tv\/en\/blindohet-qyteti-francez-13200-police-dhe-xhandare-mobilizohen-per-sigurine-e-g7-es\/","title":{"rendered":"Blindohet qyteti francez, 13,200 polic\u00eb dhe xhandar\u00eb mobilizohen p\u00ebr sigurin\u00eb e G7-\u00ebs"},"content":{"rendered":"<p>Nj\u00eb total prej 13,200 polic\u00ebsh dhe xhandar\u00ebsh, t\u00eb mb\u00ebshtetur nga forcat ushtarake, u mobilizuan p\u00ebr t\u00eb garantuar sigurin\u00eb e samitit G7 n\u00eb Biarritz k\u00ebt\u00eb fundjav\u00eb, tha t\u00eb mart\u00ebn Ministri i Brendsh\u00ebm francez, Christophe Castaner.<strong>\u00a0<\/strong>Samiti do t\u00eb mbahet nga data 24 deri n\u00eb 26 gusht.<\/p>\n<p>&#8220;Ne nuk do t\u00eb tolerojm\u00eb asnj\u00eb rrjedhje. N\u00ebse ato ndodhin, ne do t\u00eb p\u00ebrgjigjemi, &#8220;shtoi Ministri.<\/p>\n<p>G7, tha ministri, \u00ebsht\u00eb objekti i mundsh\u00ebm i &#8220;tre k\u00ebrc\u00ebnimeve kryesore&#8221;, duke filluar me &#8220;individ\u00eb t\u00eb dhunsh\u00ebm q\u00eb nuk i ngat\u00ebrron me protestuesit paq\u00ebsor\u00eb&#8221;.<\/p>\n<p>Ai gjithashtu iu referua &#8220;k\u00ebrc\u00ebnimit terrorist&#8221; p\u00ebr t\u00eb cilin &#8220;nj\u00eb samit nd\u00ebrkomb\u00ebtar mund t\u00eb jet\u00eb nj\u00eb objektiv&#8221;, megjith\u00ebse vuri n\u00eb dukje se aktualisht nuk kishte &#8220;asnj\u00eb paralajm\u00ebrim t\u00eb ve\u00e7ant\u00eb&#8221;.<\/p>\n<p>M\u00eb n\u00eb fund ai p\u00ebrmendi &#8220;k\u00ebrc\u00ebnimin kibernetik&#8221;, duke iu referuar sulmeve t\u00eb mundshme n\u00eb internet.<\/p>\n<p>Christophe Castaner insistoi n\u00eb &#8220;bashk\u00ebpunimin e jasht\u00ebzakonsh\u00ebm&#8221;, ve\u00e7an\u00ebrisht n\u00eb fush\u00ebn e inteligjenc\u00ebs, me Spanj\u00ebn, e cila do t\u00eb mobilizoj\u00eb trupat n\u00eb an\u00ebn e saj t\u00eb kufirit, pa detajuar r\u00ebnd\u00ebsin\u00eb e saj.<\/p>\n<p>Ministri p\u00ebrmendi pranin\u00eb e 400 zjarrfik\u00ebsve dhe 13 ekipe t\u00eb l\u00ebvizshme t\u00eb sh\u00ebrbimit t\u00eb urgjenc\u00ebs.<\/p>\n<p>Pes\u00eb persona, disa prej tyre pjes\u00eb e l\u00ebvizjes &#8220;blloqet e zeza&#8221;, sipas nj\u00eb burimi af\u00ebr hetimit, u arrestuan t\u00eb h\u00ebn\u00ebn p\u00ebr thirrje n\u00eb rrjetet sociale p\u00ebr t\u00eb &#8220;djegur nj\u00eb vend akomodimi&#8221; xhandar\u00ebsh. T\u00eb arrestuarit ishin tre gra dhe dy burra. Kat\u00ebr prej tyre u lan\u00eb t\u00eb lir\u00eb t\u00eb mart\u00ebn.<\/p>","protected":false},"excerpt":{"rendered":"<p>Nj\u00eb total prej 13,200 polic\u00ebsh dhe xhandar\u00ebsh, t\u00eb mb\u00ebshtetur nga forcat ushtarake, u mobilizuan p\u00ebr t\u00eb garantuar sigurin\u00eb e samitit G7 n\u00eb Biarritz k\u00ebt\u00eb fundjav\u00eb, tha t\u00eb mart\u00ebn Ministri i Brendsh\u00ebm francez, Christophe Castaner.\u00a0Samiti do t\u00eb mbahet nga data 24 deri n\u00eb 26 gusht. &#8220;Ne nuk do t\u00eb tolerojm\u00eb asnj\u00eb rrjedhje. N\u00ebse ato ndodhin, ne [&hellip;]<\/p>\n","protected":false},"author":2013,"featured_media":102628,"comment_status":"open","ping_status":"closed","sticky":false,"template":"","format":"standard","meta":{"footnotes":""},"categories":[241,191],"tags":[],"class_list":{"0":"post-102627","1":"post","2":"type-post","3":"status-publish","4":"format-standard","5":"has-post-thumbnail","7":"category-aktualitet","8":"category-bota"},"_links":{"self":[{"href":"https:\/\/zjarr.tv\/en\/wp-json\/wp\/v2\/posts\/102627","targetHints":{"allow":["GET"]}}],"collection":[{"href":"https:\/\/zjarr.tv\/en\/wp-json\/wp\/v2\/posts"}],"about":[{"href":"https:\/\/zjarr.tv\/en\/wp-json\/wp\/v2\/types\/post"}],"author":[{"embeddable":true,"href":"https:\/\/zjarr.tv\/en\/wp-json\/wp\/v2\/users\/2013"}],"replies":[{"embeddable":true,"href":"https:\/\/zjarr.tv\/en\/wp-json\/wp\/v2\/comments?post=102627"}],"version-history":[{"count":0,"href":"https:\/\/zjarr.tv\/en\/wp-json\/wp\/v2\/posts\/102627\/revisions"}],"wp:featuredmedia":[{"embeddable":true,"href":"https:\/\/zjarr.tv\/en\/wp-json\/wp\/v2\/media\/102628"}],"wp:attachment":[{"href":"https:\/\/zjarr.tv\/en\/wp-json\/wp\/v2\/media?parent=102627"}],"wp:term":[{"taxonomy":"category","embeddable":true,"href":"https:\/\/zjarr.tv\/en\/wp-json\/wp\/v2\/categories?post=102627"},{"taxonomy":"post_tag","embeddable":true,"href":"https:\/\/zjarr.tv\/en\/wp-json\/wp\/v2\/tags?post=102627"}],"curies":[{"name":"wp","href":"https:\/\/api.w.org\/{rel}","templated":true}]}}