{"id":102630,"date":"2019-08-21T19:40:16","date_gmt":"2019-08-21T17:40:16","guid":{"rendered":"https:\/\/zjarr.tv\/?p=102630"},"modified":"2019-08-21T15:53:48","modified_gmt":"2019-08-21T13:53:48","slug":"trump-ironizon-lajmet-per-blerjen-e-ishullit-premtoj-qe-nuk-do-bej-kete-ne-greenland","status":"publish","type":"post","link":"https:\/\/zjarr.tv\/en\/trump-ironizon-lajmet-per-blerjen-e-ishullit-premtoj-qe-nuk-do-bej-kete-ne-greenland\/","title":{"rendered":"Trump ironizon lajmet p\u00ebr blerjen e ishullit: Premtoj q\u00eb nuk do b\u00ebj k\u00ebt\u00eb n\u00eb Greenland"},"content":{"rendered":"<p>Donald Trump mund t\u00eb d\u00ebshiroj\u00eb ta blej\u00eb Greenland-\u00ebn, por presidenti amerikan premton se nuk ka plan t\u00eb zbukuroj\u00eb brigjet e ishullit me nj\u00eb \u201cKull\u00eb Trump\u201d.<\/p>\n<p>Mbr\u00ebmjen e s\u00eb h\u00ebn\u00ebs, Presidenti publikoi nj\u00eb foto n\u00eb Twitter t\u00eb modifikuar t\u00eb qytetit bregdetar me sht\u00ebpi t\u00eb vogla shum\u00ebngjyr\u00ebshe dhe me nj\u00eb rrokaqiell q\u00eb mban emrin e tij.<\/p>\n<p><em>\u201cUn\u00eb premtoj se nuk do ta b\u00ebj k\u00ebt\u00eb n\u00eb Greenland!&#8221;<\/em>-shkroi Trump.<\/p>\n<p>Postimi erdhi nj\u00eb dit\u00eb pasi ai konfirmoi lajmet se ka n\u00eb mendje iden\u00eb e blerjes s\u00eb territorit autonom danez.<\/p>\n<p><em>&#8220;Strategjikisht \u00ebsht\u00eb interesante dhe ne jemi t\u00eb interesuar por do t\u00eb flasim pak me ata,&#8221;<\/em>-u tha Trump gazetar\u00ebve t\u00eb diel\u00ebn.<\/p>\n<p>Lajmet p\u00ebr interesin e presidentit p\u00ebr blerjen e ishullit t\u00eb akullt u b\u00ebn\u00eb virale n\u00eb mbar\u00eb bot\u00ebn.<\/p>","protected":false},"excerpt":{"rendered":"<p>Donald Trump mund t\u00eb d\u00ebshiroj\u00eb ta blej\u00eb Greenland-\u00ebn, por presidenti amerikan premton se nuk ka plan t\u00eb zbukuroj\u00eb brigjet e ishullit me nj\u00eb \u201cKull\u00eb Trump\u201d. Mbr\u00ebmjen e s\u00eb h\u00ebn\u00ebs, Presidenti publikoi nj\u00eb foto n\u00eb Twitter t\u00eb modifikuar t\u00eb qytetit bregdetar me sht\u00ebpi t\u00eb vogla shum\u00ebngjyr\u00ebshe dhe me nj\u00eb rrokaqiell q\u00eb mban emrin e tij. \u201cUn\u00eb [&hellip;]<\/p>\n","protected":false},"author":2013,"featured_media":102631,"comment_status":"open","ping_status":"closed","sticky":false,"template":"","format":"standard","meta":{"footnotes":""},"categories":[241,191],"tags":[],"class_list":{"0":"post-102630","1":"post","2":"type-post","3":"status-publish","4":"format-standard","5":"has-post-thumbnail","7":"category-aktualitet","8":"category-bota"},"_links":{"self":[{"href":"https:\/\/zjarr.tv\/en\/wp-json\/wp\/v2\/posts\/102630","targetHints":{"allow":["GET"]}}],"collection":[{"href":"https:\/\/zjarr.tv\/en\/wp-json\/wp\/v2\/posts"}],"about":[{"href":"https:\/\/zjarr.tv\/en\/wp-json\/wp\/v2\/types\/post"}],"author":[{"embeddable":true,"href":"https:\/\/zjarr.tv\/en\/wp-json\/wp\/v2\/users\/2013"}],"replies":[{"embeddable":true,"href":"https:\/\/zjarr.tv\/en\/wp-json\/wp\/v2\/comments?post=102630"}],"version-history":[{"count":0,"href":"https:\/\/zjarr.tv\/en\/wp-json\/wp\/v2\/posts\/102630\/revisions"}],"wp:featuredmedia":[{"embeddable":true,"href":"https:\/\/zjarr.tv\/en\/wp-json\/wp\/v2\/media\/102631"}],"wp:attachment":[{"href":"https:\/\/zjarr.tv\/en\/wp-json\/wp\/v2\/media?parent=102630"}],"wp:term":[{"taxonomy":"category","embeddable":true,"href":"https:\/\/zjarr.tv\/en\/wp-json\/wp\/v2\/categories?post=102630"},{"taxonomy":"post_tag","embeddable":true,"href":"https:\/\/zjarr.tv\/en\/wp-json\/wp\/v2\/tags?post=102630"}],"curies":[{"name":"wp","href":"https:\/\/api.w.org\/{rel}","templated":true}]}}