{"id":102671,"date":"2019-08-21T16:15:12","date_gmt":"2019-08-21T14:15:12","guid":{"rendered":"https:\/\/zjarr.tv\/?p=102671"},"modified":"2019-08-21T16:15:12","modified_gmt":"2019-08-21T14:15:12","slug":"aksident-i-rende-ne-greqi-vd-es-27-vjecari-shqiptar","status":"publish","type":"post","link":"https:\/\/zjarr.tv\/en\/aksident-i-rende-ne-greqi-vd-es-27-vjecari-shqiptar\/","title":{"rendered":"Aksident i r\u00ebnd\u00eb n\u00eb Greqi, vd.es 27-vje\u00e7ari shqiptar"},"content":{"rendered":"<p><strong>Nj\u00eb aksident ka ndodhur n\u00eb or\u00ebn 12.40 t\u00eb dit\u00ebs s\u00eb M\u00ebrkur\u00eb n\u00eb bulevardin buz\u00eb detit n\u00eb Voula<\/strong><\/p>\n<p>I vdekur \u00ebsht\u00eb shoferi 27-vje\u00e7ar i motorit, me origjin\u00eb nga Shqip\u00ebria, i cili u konfirmua menj\u00ebher\u00eb pas transferimit t\u00eb tij n\u00eb Voula Asklepieion. Shoferi i motorit ishte duke vozitur me shpejt\u00ebsi t\u00eb lart\u00eb n\u00eb rrug\u00ebn bregdetare kur papritmas pa nj\u00eb kamion n\u00eb komun\u00ebn Varis-Voula-Vouliagmeni duke r\u00ebn\u00eb para tij.<\/p>\n<p>Sipas informacioneve nga njer\u00ebz q\u00eb e pan\u00eb makin\u00ebn, automjeti komunal po udh\u00ebtonte n\u00eb rrug\u00ebn Zefyrou dhe d\u00ebshironte t\u00eb kthehej drejt rrug\u00ebs bregdetare, nd\u00ebrsa shoferi i pafat i moto\u00e7iklet\u00ebs nuk mbante p\u00ebrkrenare.<\/p>\n<div id=\"pa_1x1_psbk_1566396860631\"><\/div>\n<p>Sipas drejtuesit t\u00eb kamionit q\u00eb njoftoi policin\u00eb , i cili ishte n\u00eb gjendje shoku, menj\u00ebher\u00eb pas p\u00ebrplasjes ai tha se i riu po vinte me shpejt\u00ebsi t\u00eb madhe dhe ai nuk ishte n\u00eb gjendje ta shmangte at\u00eb.<\/p>\n<p>N\u00ebnkryetari i bashkis\u00eb Baris-Voula-Vouliagmeni, Vasilis Papamichael foli p\u00ebr protothema.gr n\u00eb lidhje me incidentin.<\/p>\n<p>Konkretisht, ai tha: \u201cInformacioni q\u00eb kam nga policia \u00ebsht\u00eb se kamerat kan\u00eb regjistruar incidentin dhe duket se shoferi i kamer\u00ebs ka shkelur semaforin dhe ka dal\u00eb i kuq. N\u00eb at\u00eb moment kamion kamion\u00e7ina i bashkis\u00eb, e cila ishte e gjelb\u00ebr dhe shoferi i motorit u gozhdua n\u00eb kamion marr\u00ebs, ishte gati t\u00eb fillonte. Fatkeq\u00ebsisht i riu nuk mbante nj\u00eb helmet\u00eb, nga informacionet q\u00eb kam dhe vdekja ishte e menj\u00ebhershme. Furgoni n\u00eb at\u00eb koh\u00eb po merrte \u00e7anta t\u00eb hapura dhe shoferi \u00ebsht\u00eb i shokuar nga ky incident.<\/p>","protected":false},"excerpt":{"rendered":"<p>Nj\u00eb aksident ka ndodhur n\u00eb or\u00ebn 12.40 t\u00eb dit\u00ebs s\u00eb M\u00ebrkur\u00eb n\u00eb bulevardin buz\u00eb detit n\u00eb Voula I vdekur \u00ebsht\u00eb shoferi 27-vje\u00e7ar i motorit, me origjin\u00eb nga Shqip\u00ebria, i cili u konfirmua menj\u00ebher\u00eb pas transferimit t\u00eb tij n\u00eb Voula Asklepieion. Shoferi i motorit ishte duke vozitur me shpejt\u00ebsi t\u00eb lart\u00eb n\u00eb rrug\u00ebn bregdetare kur papritmas [&hellip;]<\/p>\n","protected":false},"author":2013,"featured_media":102672,"comment_status":"open","ping_status":"closed","sticky":false,"template":"","format":"standard","meta":{"footnotes":""},"categories":[241,235],"tags":[],"class_list":{"0":"post-102671","1":"post","2":"type-post","3":"status-publish","4":"format-standard","5":"has-post-thumbnail","7":"category-aktualitet","8":"category-vendi"},"_links":{"self":[{"href":"https:\/\/zjarr.tv\/en\/wp-json\/wp\/v2\/posts\/102671","targetHints":{"allow":["GET"]}}],"collection":[{"href":"https:\/\/zjarr.tv\/en\/wp-json\/wp\/v2\/posts"}],"about":[{"href":"https:\/\/zjarr.tv\/en\/wp-json\/wp\/v2\/types\/post"}],"author":[{"embeddable":true,"href":"https:\/\/zjarr.tv\/en\/wp-json\/wp\/v2\/users\/2013"}],"replies":[{"embeddable":true,"href":"https:\/\/zjarr.tv\/en\/wp-json\/wp\/v2\/comments?post=102671"}],"version-history":[{"count":0,"href":"https:\/\/zjarr.tv\/en\/wp-json\/wp\/v2\/posts\/102671\/revisions"}],"wp:featuredmedia":[{"embeddable":true,"href":"https:\/\/zjarr.tv\/en\/wp-json\/wp\/v2\/media\/102672"}],"wp:attachment":[{"href":"https:\/\/zjarr.tv\/en\/wp-json\/wp\/v2\/media?parent=102671"}],"wp:term":[{"taxonomy":"category","embeddable":true,"href":"https:\/\/zjarr.tv\/en\/wp-json\/wp\/v2\/categories?post=102671"},{"taxonomy":"post_tag","embeddable":true,"href":"https:\/\/zjarr.tv\/en\/wp-json\/wp\/v2\/tags?post=102671"}],"curies":[{"name":"wp","href":"https:\/\/api.w.org\/{rel}","templated":true}]}}