{"id":102684,"date":"2019-08-21T16:50:54","date_gmt":"2019-08-21T14:50:54","guid":{"rendered":"https:\/\/zjarr.tv\/?p=102684"},"modified":"2019-08-21T16:50:54","modified_gmt":"2019-08-21T14:50:54","slug":"ne-6-vite-nuk-mbarove-7-gjysme-ura-berisha-i-pergjigjet-genjeshtrave-te-rames-per-rrugen-e-kombit","status":"publish","type":"post","link":"https:\/\/zjarr.tv\/en\/ne-6-vite-nuk-mbarove-7-gjysme-ura-berisha-i-pergjigjet-genjeshtrave-te-rames-per-rrugen-e-kombit\/","title":{"rendered":"\u2018N\u00eb 6 vite nuk mbarove 7 gjysm\u00eb ura\u2019\/ Berisha i p\u00ebrgjigjet genjeshtrave t\u00eb Ram\u00ebs p\u00ebr Rrug\u00ebn e Kombit"},"content":{"rendered":"<p>Edi Rama u mburr dje n\u00eb nj\u00eb status n\u00eb profilin e tij n\u00eb facebook se vet\u00ebm me parat\u00eb q\u00eb ka mbledhur bashk\u00eb me konceisionarin e rrug\u00ebs, ka mundur t\u00eb nd\u00ebrtoj\u00eb 7 ura t\u00eb reja n\u00eb Rrug\u00ebn e Kombit.<\/p>\n<p>Kjo g\u00ebnjesht\u00ebr \u00ebsht\u00eb hedhur posht\u00eb nga ish-kryeministri Berisha, q\u00eb e ka cil\u00ebsuar si \u2018nj\u00eb krenari mjeran\u00eb t\u00eb nj\u00eb njeriu q\u00eb nuk p\u00ebrfundoi dot n\u00eb 6 vite shtat\u00eb gjysem ura qe duhej te perfundonin ne fund te vitit 2013!<\/p>\n<p>\u2018Krenaria mjerane me gjysem gjeli ne vit e Edvin Hajnise!<\/p>\n<div id=\"rekl-13\">\n<div id=\"__sap-ad-15\" class=\"__sap-ads __sap-html tracked\" data-title=\"Credins desktop 08\"><\/div>\n<\/div>\n<p>Miq, Edvin Hajnia u mburr dje se keto dite perfundojne ndertimin 7 ura spektakolare ne Rrugen e Kombit.<\/p>\n<p>Ne te vertet kjo eshte nje krenari mjerane pasi:<\/p>\n<p>&#8211; Edvini mezi ndertoi gjysem gjeli ne vit, apo ai<\/p>\n<p>&#8211; nuk perfundoi dot ne 6 vite shtate gjysem ura qe duhej te perfundonin ne fund te vitit 2013!<\/p>\n<p>Po rikujtoj ketu se qe nga viti 2013 gjer sot akoma nuk perfunduan 7 gjysmat e urave ne segmentin e autostrades Kukes &#8211; Morine te Rruges se Kombit, te cilat kishin projektin, financimin dhe ishin ne ndertim e siper dhe duhej te perfundonin ne fund te vitit 2013.<\/p>\n<p>Ndertimi i ketyre gjysem urave apo si\u00e7 i quan Edvin Hajnia gjysem gjelave duhej per kalimin e urave te ndertuara nga dy korsi qe ishin ne kater korsi.<\/p>\n<p>Mirepo u bene 6 vite pra 72 muaj dhe 7 gjysem urat akoma nuk kane perfunduar dhe perve\u00e7 kesaj kostoja e \u00e7do gjysem gjeli te Edvin Hajnise u rrit me shtate here krahasuar me ate te urave ekzistuese, te cilat perfunduan ne nje afat kohor 18 mujor.<\/p>\n<p>Zvarritja me 6 vite e perfundimit te 7 gjysmave te urave te segmentit Kukes &#8211; Morine te Rruges se Kombit kishte dy shkaqe:<\/p>\n<p>Se pari,<\/p>\n<p>&#8211; urrejtjen patologjike te Zografit Bis per Rrugen e Kombit por pa dyshim, se dyti,<\/p>\n<p>&#8211; hajnine sa me spektakolare te mundshme ne ndertimin e tyre. Sb\u2019<\/p>\n<p>&nbsp;<\/p>","protected":false},"excerpt":{"rendered":"<p>Edi Rama u mburr dje n\u00eb nj\u00eb status n\u00eb profilin e tij n\u00eb facebook se vet\u00ebm me parat\u00eb q\u00eb ka mbledhur bashk\u00eb me konceisionarin e rrug\u00ebs, ka mundur t\u00eb nd\u00ebrtoj\u00eb 7 ura t\u00eb reja n\u00eb Rrug\u00ebn e Kombit. Kjo g\u00ebnjesht\u00ebr \u00ebsht\u00eb hedhur posht\u00eb nga ish-kryeministri Berisha, q\u00eb e ka cil\u00ebsuar si \u2018nj\u00eb krenari mjeran\u00eb t\u00eb [&hellip;]<\/p>\n","protected":false},"author":2013,"featured_media":0,"comment_status":"open","ping_status":"closed","sticky":false,"template":"","format":"standard","meta":{"footnotes":""},"categories":[241,235],"tags":[],"class_list":{"0":"post-102684","1":"post","2":"type-post","3":"status-publish","4":"format-standard","6":"category-aktualitet","7":"category-vendi"},"_links":{"self":[{"href":"https:\/\/zjarr.tv\/en\/wp-json\/wp\/v2\/posts\/102684","targetHints":{"allow":["GET"]}}],"collection":[{"href":"https:\/\/zjarr.tv\/en\/wp-json\/wp\/v2\/posts"}],"about":[{"href":"https:\/\/zjarr.tv\/en\/wp-json\/wp\/v2\/types\/post"}],"author":[{"embeddable":true,"href":"https:\/\/zjarr.tv\/en\/wp-json\/wp\/v2\/users\/2013"}],"replies":[{"embeddable":true,"href":"https:\/\/zjarr.tv\/en\/wp-json\/wp\/v2\/comments?post=102684"}],"version-history":[{"count":0,"href":"https:\/\/zjarr.tv\/en\/wp-json\/wp\/v2\/posts\/102684\/revisions"}],"wp:attachment":[{"href":"https:\/\/zjarr.tv\/en\/wp-json\/wp\/v2\/media?parent=102684"}],"wp:term":[{"taxonomy":"category","embeddable":true,"href":"https:\/\/zjarr.tv\/en\/wp-json\/wp\/v2\/categories?post=102684"},{"taxonomy":"post_tag","embeddable":true,"href":"https:\/\/zjarr.tv\/en\/wp-json\/wp\/v2\/tags?post=102684"}],"curies":[{"name":"wp","href":"https:\/\/api.w.org\/{rel}","templated":true}]}}