{"id":102700,"date":"2019-08-21T16:53:34","date_gmt":"2019-08-21T14:53:34","guid":{"rendered":"https:\/\/zjarr.tv\/?p=102700"},"modified":"2019-08-21T16:53:34","modified_gmt":"2019-08-21T14:53:34","slug":"bllokimi-i-buxhetit-ademi-veprim-i-paprecedente-dhe-politik-demton-shkodren-dhe-shkodranet","status":"publish","type":"post","link":"https:\/\/zjarr.tv\/en\/bllokimi-i-buxhetit-ademi-veprim-i-paprecedente-dhe-politik-demton-shkodren-dhe-shkodranet\/","title":{"rendered":"Bllokimi i buxhetit\/ Ademi: Veprim i paprecedent\u00eb dhe politik, d\u00ebmton Shkodr\u00ebn dhe shkodran\u00ebt"},"content":{"rendered":"<p>N\u00eb p\u00ebrgjigje t\u00eb interesit t\u00eb gazetareve, gjat\u00eb nj\u00eb inspektimi t\u00eb punimeve q\u00eb po kryhen ne territor me t\u00eb ardhurat e vet\u00eb qeverisjes vendore, kryetarja e Bashkis\u00eb Shkod\u00ebr Voltana Ademi i \u00ebsht\u00eb p\u00ebrgjigjur interesit t\u00eb gazetar\u00ebve p\u00ebr \u00e7\u00ebshtjen e bllokimit t\u00eb veprimeve n\u00eb Deg\u00ebn e Thesarit Shkod\u00ebr.<\/p>\n<p>Kryebashkiakja e ka konsideruar t\u00eb paprecedent\u00eb veprimin e Ministris\u00eb s\u00eb Financave, me qasje partiako-politike dhe q\u00eb d\u00ebmton Shkodr\u00ebn e shkodran\u00ebt p\u00ebrmes bllokimit t\u00eb investimeve dhe sh\u00ebrbimeve me t\u00eb ardhurat e vet\u00eb Bashkis\u00eb.<\/p>\n<p>\u201cNe operojm\u00eb me fondet e familjes son\u00eb, t\u00eb banor\u00ebve t\u00eb Shkodr\u00ebs, si nj\u00eb familje e madhe. E vetmja bashki n\u00eb Shqip\u00ebri q\u00eb mbahet me at\u00eb se \u00e7far\u00eb banor\u00ebt e Shkodr\u00ebs kontribuojm\u00eb p\u00ebrmes taksave dhe tarifave vendore. Bllokimi p\u00ebr nj\u00eb dit\u00eb nuk i b\u00ebn asgj\u00eb Shkodr\u00ebs. \u00cbsht\u00eb nj\u00eb \u00e7\u00ebshtje q\u00eb do t\u00eb shqyrtohet shpejt nga Ministria e Financave dhe maksimumi ajo mund t\u00eb pengoj\u00eb biznesin p\u00ebr p\u00ebrfitimet q\u00eb duhet t\u00eb marrin, por edhe banor\u00ebt p\u00ebr sh\u00ebrbimet q\u00eb duhet t\u00eb marrin.<\/p>\n<p>Veprimi \u00ebsht\u00eb i paprecedent\u00eb, \u00ebsht\u00eb politik n\u00eb at\u00eb q\u00eb kam lexuar nuk mund ta imagjinoj q\u00eb nj\u00eb n\u00ebpun\u00ebs civil t\u00eb shprehet p\u00ebr mandate politike lidhur me nj\u00eb bashki. \u00cbsht\u00eb nj\u00eb tag\u00ebr q\u00eb nuk i takon. \u00cbsht\u00eb p\u00ebrgjegj\u00ebsi institucionale dhe individuale, n\u00eb at\u00eb q\u00eb ata kan\u00eb shkruar me e-mail me bashkin\u00eb e Shkodr\u00ebs. Nuk ka komunikim zyrtar, \u00ebsht\u00eb e pamoralshme\u201d, tha Voltana Ademi.<\/p>\n<div id=\"rekl-13\">\n<div id=\"__sap-ad-15\" class=\"__sap-ads __sap-html tracked\" data-title=\"Credins desktop 08\"><ins><\/p>\n<div id=\"beacon_b434bd0026\"><img loading=\"lazy\" decoding=\"async\" src=\"https:\/\/ads1.medium.al\/www\/delivery\/lg.php?bannerid=373&amp;campaignid=48&amp;zoneid=182&amp;loc=https%3A%2F%2Fwww.syri.net%2Fpolitike%2F275384%2Fbllokimi-i-buxhetit-ademi-veprim-i-paprecedente-dhe-politik-demton-shkodren-dhe-shkodranet%2F&amp;referer=https%3A%2F%2Fwww.syri.net%2Flajme%2F&amp;cb=b434bd0026\" alt=\"\" width=\"0\" height=\"0\" \/><\/div>\n<p><\/ins><\/div>\n<\/div>\n<div id=\"rekl-4\"><\/div>\n<p>Ademi theksoi n\u00eb fund t\u00eb prononcimit t\u00eb saj se, shpreson n\u00eb nj\u00eb reflektim t\u00eb ministres s\u00eb Financave p\u00ebr t\u00eb vijuar normalisht investimet dhe sh\u00ebrbimet e planifikuara n\u00eb bashkin\u00eb e Shkodr\u00ebs.<\/p>","protected":false},"excerpt":{"rendered":"<p>N\u00eb p\u00ebrgjigje t\u00eb interesit t\u00eb gazetareve, gjat\u00eb nj\u00eb inspektimi t\u00eb punimeve q\u00eb po kryhen ne territor me t\u00eb ardhurat e vet\u00eb qeverisjes vendore, kryetarja e Bashkis\u00eb Shkod\u00ebr Voltana Ademi i \u00ebsht\u00eb p\u00ebrgjigjur interesit t\u00eb gazetar\u00ebve p\u00ebr \u00e7\u00ebshtjen e bllokimit t\u00eb veprimeve n\u00eb Deg\u00ebn e Thesarit Shkod\u00ebr. Kryebashkiakja e ka konsideruar t\u00eb paprecedent\u00eb veprimin e Ministris\u00eb [&hellip;]<\/p>\n","protected":false},"author":2013,"featured_media":93358,"comment_status":"open","ping_status":"closed","sticky":false,"template":"","format":"standard","meta":{"footnotes":""},"categories":[241,235],"tags":[],"class_list":{"0":"post-102700","1":"post","2":"type-post","3":"status-publish","4":"format-standard","5":"has-post-thumbnail","7":"category-aktualitet","8":"category-vendi"},"_links":{"self":[{"href":"https:\/\/zjarr.tv\/en\/wp-json\/wp\/v2\/posts\/102700","targetHints":{"allow":["GET"]}}],"collection":[{"href":"https:\/\/zjarr.tv\/en\/wp-json\/wp\/v2\/posts"}],"about":[{"href":"https:\/\/zjarr.tv\/en\/wp-json\/wp\/v2\/types\/post"}],"author":[{"embeddable":true,"href":"https:\/\/zjarr.tv\/en\/wp-json\/wp\/v2\/users\/2013"}],"replies":[{"embeddable":true,"href":"https:\/\/zjarr.tv\/en\/wp-json\/wp\/v2\/comments?post=102700"}],"version-history":[{"count":0,"href":"https:\/\/zjarr.tv\/en\/wp-json\/wp\/v2\/posts\/102700\/revisions"}],"wp:featuredmedia":[{"embeddable":true,"href":"https:\/\/zjarr.tv\/en\/wp-json\/wp\/v2\/media\/93358"}],"wp:attachment":[{"href":"https:\/\/zjarr.tv\/en\/wp-json\/wp\/v2\/media?parent=102700"}],"wp:term":[{"taxonomy":"category","embeddable":true,"href":"https:\/\/zjarr.tv\/en\/wp-json\/wp\/v2\/categories?post=102700"},{"taxonomy":"post_tag","embeddable":true,"href":"https:\/\/zjarr.tv\/en\/wp-json\/wp\/v2\/tags?post=102700"}],"curies":[{"name":"wp","href":"https:\/\/api.w.org\/{rel}","templated":true}]}}