{"id":104087,"date":"2019-08-30T15:59:06","date_gmt":"2019-08-30T13:59:06","guid":{"rendered":"https:\/\/zjarr.tv\/?p=104087"},"modified":"2019-08-30T15:59:06","modified_gmt":"2019-08-30T13:59:06","slug":"luftetari-vazhdon-me-merkaton-firmos-sulmuesi-i-ardhur-nga-greqia","status":"publish","type":"post","link":"https:\/\/zjarr.tv\/en\/luftetari-vazhdon-me-merkaton-firmos-sulmuesi-i-ardhur-nga-greqia\/","title":{"rendered":"Luft\u00ebtari vazhdon me merkaton, firmos sulmuesi i ardhur nga Greqia"},"content":{"rendered":"<p>Luft\u00ebtari vazhdon t\u00eb p\u00ebrforcohet n\u00eb merkato duke afruar lojtar\u00eb t\u00eb tjer\u00eb n\u00eb merkato. Dit\u00ebn e sotme n\u00eb Gjirokast\u00ebr \u00ebsht\u00eb prezantuar edhe lojtari i radh\u00ebs. B\u00ebhet fjal\u00eb p\u00ebr sulmuesin e krahur Bledi Mu\u00e7a q\u00eb vjen nga kampionati grek.<\/p>\n<p>Sezonin e kaluar, 31-vje\u00e7ari ishte pjes\u00eb e OF Ierapetras, nd\u00ebrsa tani ka firmosur dhe \u00ebsht\u00eb prezantuar te skuadra e tij e re, Luft\u00ebtari. Nj\u00eb transferim q\u00eb \u00ebsht\u00eb b\u00ebr\u00eb i mundur nga menxheri, Valis Xhai dhe Mu\u00e7a mund t\u00eb jet\u00eb gati q\u00eb p\u00ebr ndeshjen e k\u00ebsaj fundjave ndaj Teut\u00ebs.<\/p>","protected":false},"excerpt":{"rendered":"<p>Luft\u00ebtari vazhdon t\u00eb p\u00ebrforcohet n\u00eb merkato duke afruar lojtar\u00eb t\u00eb tjer\u00eb n\u00eb merkato. Dit\u00ebn e sotme n\u00eb Gjirokast\u00ebr \u00ebsht\u00eb prezantuar edhe lojtari i radh\u00ebs. B\u00ebhet fjal\u00eb p\u00ebr sulmuesin e krahur Bledi Mu\u00e7a q\u00eb vjen nga kampionati grek. Sezonin e kaluar, 31-vje\u00e7ari ishte pjes\u00eb e OF Ierapetras, nd\u00ebrsa tani ka firmosur dhe \u00ebsht\u00eb prezantuar te skuadra [&hellip;]<\/p>\n","protected":false},"author":2013,"featured_media":104088,"comment_status":"open","ping_status":"closed","sticky":false,"template":"","format":"standard","meta":{"footnotes":""},"categories":[241,192],"tags":[],"class_list":{"0":"post-104087","1":"post","2":"type-post","3":"status-publish","4":"format-standard","5":"has-post-thumbnail","7":"category-aktualitet","8":"category-sport"},"_links":{"self":[{"href":"https:\/\/zjarr.tv\/en\/wp-json\/wp\/v2\/posts\/104087","targetHints":{"allow":["GET"]}}],"collection":[{"href":"https:\/\/zjarr.tv\/en\/wp-json\/wp\/v2\/posts"}],"about":[{"href":"https:\/\/zjarr.tv\/en\/wp-json\/wp\/v2\/types\/post"}],"author":[{"embeddable":true,"href":"https:\/\/zjarr.tv\/en\/wp-json\/wp\/v2\/users\/2013"}],"replies":[{"embeddable":true,"href":"https:\/\/zjarr.tv\/en\/wp-json\/wp\/v2\/comments?post=104087"}],"version-history":[{"count":0,"href":"https:\/\/zjarr.tv\/en\/wp-json\/wp\/v2\/posts\/104087\/revisions"}],"wp:featuredmedia":[{"embeddable":true,"href":"https:\/\/zjarr.tv\/en\/wp-json\/wp\/v2\/media\/104088"}],"wp:attachment":[{"href":"https:\/\/zjarr.tv\/en\/wp-json\/wp\/v2\/media?parent=104087"}],"wp:term":[{"taxonomy":"category","embeddable":true,"href":"https:\/\/zjarr.tv\/en\/wp-json\/wp\/v2\/categories?post=104087"},{"taxonomy":"post_tag","embeddable":true,"href":"https:\/\/zjarr.tv\/en\/wp-json\/wp\/v2\/tags?post=104087"}],"curies":[{"name":"wp","href":"https:\/\/api.w.org\/{rel}","templated":true}]}}