{"id":104246,"date":"2019-08-31T17:23:39","date_gmt":"2019-08-31T15:23:39","guid":{"rendered":"https:\/\/zjarr.tv\/?p=104246"},"modified":"2019-08-31T17:23:39","modified_gmt":"2019-08-31T15:23:39","slug":"zjarr-ne-nje-siperfaqe-toke-me-shkurre-ne-berat-rrezikohen-banesat-prane","status":"publish","type":"post","link":"https:\/\/zjarr.tv\/en\/zjarr-ne-nje-siperfaqe-toke-me-shkurre-ne-berat-rrezikohen-banesat-prane\/","title":{"rendered":"Zjarr n\u00eb nj\u00eb sip\u00ebrfaqe toke me shkurre ne Berat ,rrezikohen banesat pran\u00eb"},"content":{"rendered":"<p>Vendosja e zjarrit ndaj shkurreve n\u00eb nj\u00eb hap\u00ebsir\u00eb toke n\u00eb zon\u00ebn e njohur si \u201cRezervat e shtetit\u201d n\u00eb lagjen \u201c\u00c7rlepia\u201d n\u00eb Berat p\u00ebr pak sa nuk ka sjell\u00eb p\u00ebrfshirjen nga flak\u00ebt edhe t\u00eb disa banesave aty pran\u00eb.<\/p>\n<p>Menj\u00ebher\u00eb sapo \u00ebsht\u00eb v\u00ebn\u00eb re r\u00ebnia e flak\u00ebve dhe p\u00ebrhapja e tyre me shpejt\u00ebsi nga era, banor\u00ebt kan\u00eb lajm\u00ebruar Repartin Zjarr\u00ebfik\u00ebs, i cili ka shkuar menj\u00ebher\u00eb n\u00eb vendin e ngjarjes. Forcat zjarrfik\u00ebse kan\u00eb b\u00ebr\u00eb t\u00eb mundur shuarjen e zjarrit dhe neutralizimin e vatr\u00ebs s\u00eb tij,nd\u00ebrsa m\u00ebsohet se pran\u00eb vendit t\u00eb p\u00ebrfshir\u00eb nga flak\u00ebt kan\u00eb mb\u00ebrritur edhe uniformat blu.<\/p>\n<p>Temperaturat e larta kan\u00eb b\u00ebr\u00eb q\u00eb flak\u00ebt t\u00eb p\u00ebrhapen m\u00eb shpejt, por fatmir\u00ebsisht zjarri \u00ebsht\u00eb mbyllur pa d\u00ebme\u00a0 n\u00eb banesat pran\u00eb tij.<\/p>","protected":false},"excerpt":{"rendered":"<p>Vendosja e zjarrit ndaj shkurreve n\u00eb nj\u00eb hap\u00ebsir\u00eb toke n\u00eb zon\u00ebn e njohur si \u201cRezervat e shtetit\u201d n\u00eb lagjen \u201c\u00c7rlepia\u201d n\u00eb Berat p\u00ebr pak sa nuk ka sjell\u00eb p\u00ebrfshirjen nga flak\u00ebt edhe t\u00eb disa banesave aty pran\u00eb. Menj\u00ebher\u00eb sapo \u00ebsht\u00eb v\u00ebn\u00eb re r\u00ebnia e flak\u00ebve dhe p\u00ebrhapja e tyre me shpejt\u00ebsi nga era, banor\u00ebt kan\u00eb [&hellip;]<\/p>\n","protected":false},"author":2013,"featured_media":104011,"comment_status":"open","ping_status":"closed","sticky":false,"template":"","format":"standard","meta":{"footnotes":""},"categories":[241,235],"tags":[],"class_list":{"0":"post-104246","1":"post","2":"type-post","3":"status-publish","4":"format-standard","5":"has-post-thumbnail","7":"category-aktualitet","8":"category-vendi"},"_links":{"self":[{"href":"https:\/\/zjarr.tv\/en\/wp-json\/wp\/v2\/posts\/104246","targetHints":{"allow":["GET"]}}],"collection":[{"href":"https:\/\/zjarr.tv\/en\/wp-json\/wp\/v2\/posts"}],"about":[{"href":"https:\/\/zjarr.tv\/en\/wp-json\/wp\/v2\/types\/post"}],"author":[{"embeddable":true,"href":"https:\/\/zjarr.tv\/en\/wp-json\/wp\/v2\/users\/2013"}],"replies":[{"embeddable":true,"href":"https:\/\/zjarr.tv\/en\/wp-json\/wp\/v2\/comments?post=104246"}],"version-history":[{"count":0,"href":"https:\/\/zjarr.tv\/en\/wp-json\/wp\/v2\/posts\/104246\/revisions"}],"wp:featuredmedia":[{"embeddable":true,"href":"https:\/\/zjarr.tv\/en\/wp-json\/wp\/v2\/media\/104011"}],"wp:attachment":[{"href":"https:\/\/zjarr.tv\/en\/wp-json\/wp\/v2\/media?parent=104246"}],"wp:term":[{"taxonomy":"category","embeddable":true,"href":"https:\/\/zjarr.tv\/en\/wp-json\/wp\/v2\/categories?post=104246"},{"taxonomy":"post_tag","embeddable":true,"href":"https:\/\/zjarr.tv\/en\/wp-json\/wp\/v2\/tags?post=104246"}],"curies":[{"name":"wp","href":"https:\/\/api.w.org\/{rel}","templated":true}]}}