{"id":104248,"date":"2019-08-31T18:40:33","date_gmt":"2019-08-31T16:40:33","guid":{"rendered":"https:\/\/zjarr.tv\/?p=104248"},"modified":"2019-08-31T17:03:00","modified_gmt":"2019-08-31T15:03:00","slug":"matthew-palmer-emerohet-perfaqesues-i-posacem-per-ballkanin-perendimor","status":"publish","type":"post","link":"https:\/\/zjarr.tv\/en\/matthew-palmer-emerohet-perfaqesues-i-posacem-per-ballkanin-perendimor\/","title":{"rendered":"Matthew Palmer em\u00ebrohet P\u00ebrfaq\u00ebsues i Posa\u00e7\u00ebm p\u00ebr Ballkanin Per\u00ebndimor"},"content":{"rendered":"<p>Sekretari i Shtetit ka em\u00ebruar Z\u00ebvend\u00ebs Ndihm\u00ebs Sekretarin Matthew Palmer si P\u00ebrfaq\u00ebsuesin e tij t\u00eb Posa\u00e7\u00ebm p\u00ebr Ballkanin Per\u00ebndimor.<\/p>\n<p>\u201cN\u00eb k\u00ebt\u00eb rol, &#8211; tha Departamenti i Shtetit, &#8211; zoti Palmer do t\u00eb udh\u00ebheq\u00eb p\u00ebrpjekjet tona p\u00ebr t\u00eb forcuar angazhimin diplomatik amerikan n\u00eb mb\u00ebshtetje t\u00eb paqes, stabilitetit dhe begatis\u00eb n\u00eb rajon dhe p\u00ebr t\u2019u p\u00ebrq\u00ebndruar n\u00eb integrimin e vendeve t\u00eb Ballkanit Per\u00ebndimor n\u00eb institucionet per\u00ebndimore.\u201d<\/p>\n<p>Departamenti amerikan i Shtetit njofton se si P\u00ebrfaq\u00ebsues i Posa\u00e7\u00ebm, zoti Palmer do t\u00eb shkoj\u00eb n\u00eb Slloveni duke filluar nga 1 shtatori p\u00ebr t\u00eb marr\u00eb pjes\u00eb n\u00eb Forumin Strategjik t\u00eb Bledit. Ai gjithashtu do t\u00eb p\u00ebrfaq\u00ebsoj\u00eb Shtetet e Bashkuara n\u00eb takimin e Drejtor\u00ebve t\u00eb Quint-it p\u00ebr Ballkanin n\u00eb Bruksel dhe do t\u00eb marr\u00eb pjes\u00eb n\u00eb takime n\u00eb Vjen\u00eb dhe Podgoric\u00eb, nga 4 deri m\u00eb 10 shtator.<\/p>\n<p>P\u00ebrve\u00e7 sh\u00ebrbimit si P\u00ebrfaq\u00ebsues i Posa\u00e7\u00ebm i Sekretarit, zoti Palmer do t\u00eb vazhdoj\u00eb t\u00eb jet\u00eb Z\u00ebvend\u00ebs Ndihm\u00ebs Sekretar n\u00eb Zyr\u00ebn e \u00c7\u00ebshtjeve Evropiane dhe Euroaziatike, nj\u00eb post q\u00eb ai mban q\u00eb nga viti 2018. M\u00eb par\u00eb, ai ishte Drejtor i Zyr\u00ebs p\u00ebr Evrop\u00ebn Jugore dhe Qendrore.\/VOA<\/p>","protected":false},"excerpt":{"rendered":"<p>Sekretari i Shtetit ka em\u00ebruar Z\u00ebvend\u00ebs Ndihm\u00ebs Sekretarin Matthew Palmer si P\u00ebrfaq\u00ebsuesin e tij t\u00eb Posa\u00e7\u00ebm p\u00ebr Ballkanin Per\u00ebndimor. \u201cN\u00eb k\u00ebt\u00eb rol, &#8211; tha Departamenti i Shtetit, &#8211; zoti Palmer do t\u00eb udh\u00ebheq\u00eb p\u00ebrpjekjet tona p\u00ebr t\u00eb forcuar angazhimin diplomatik amerikan n\u00eb mb\u00ebshtetje t\u00eb paqes, stabilitetit dhe begatis\u00eb n\u00eb rajon dhe p\u00ebr t\u2019u p\u00ebrq\u00ebndruar n\u00eb [&hellip;]<\/p>\n","protected":false},"author":2013,"featured_media":104249,"comment_status":"open","ping_status":"closed","sticky":false,"template":"","format":"standard","meta":{"footnotes":""},"categories":[241,2],"tags":[],"class_list":{"0":"post-104248","1":"post","2":"type-post","3":"status-publish","4":"format-standard","5":"has-post-thumbnail","7":"category-aktualitet","8":"category-rajoni"},"_links":{"self":[{"href":"https:\/\/zjarr.tv\/en\/wp-json\/wp\/v2\/posts\/104248","targetHints":{"allow":["GET"]}}],"collection":[{"href":"https:\/\/zjarr.tv\/en\/wp-json\/wp\/v2\/posts"}],"about":[{"href":"https:\/\/zjarr.tv\/en\/wp-json\/wp\/v2\/types\/post"}],"author":[{"embeddable":true,"href":"https:\/\/zjarr.tv\/en\/wp-json\/wp\/v2\/users\/2013"}],"replies":[{"embeddable":true,"href":"https:\/\/zjarr.tv\/en\/wp-json\/wp\/v2\/comments?post=104248"}],"version-history":[{"count":0,"href":"https:\/\/zjarr.tv\/en\/wp-json\/wp\/v2\/posts\/104248\/revisions"}],"wp:featuredmedia":[{"embeddable":true,"href":"https:\/\/zjarr.tv\/en\/wp-json\/wp\/v2\/media\/104249"}],"wp:attachment":[{"href":"https:\/\/zjarr.tv\/en\/wp-json\/wp\/v2\/media?parent=104248"}],"wp:term":[{"taxonomy":"category","embeddable":true,"href":"https:\/\/zjarr.tv\/en\/wp-json\/wp\/v2\/categories?post=104248"},{"taxonomy":"post_tag","embeddable":true,"href":"https:\/\/zjarr.tv\/en\/wp-json\/wp\/v2\/tags?post=104248"}],"curies":[{"name":"wp","href":"https:\/\/api.w.org\/{rel}","templated":true}]}}