{"id":104253,"date":"2019-08-31T19:00:13","date_gmt":"2019-08-31T17:00:13","guid":{"rendered":"https:\/\/zjarr.tv\/?p=104253"},"modified":"2019-08-31T17:04:49","modified_gmt":"2019-08-31T15:04:49","slug":"kater-koalicione-per-zgjedhjet-e-6-tetorit-ne-kosove","status":"publish","type":"post","link":"https:\/\/zjarr.tv\/en\/kater-koalicione-per-zgjedhjet-e-6-tetorit-ne-kosove\/","title":{"rendered":"Kat\u00ebr koalicione p\u00ebr zgjedhjet e 6 tetorit n\u00eb Kosov\u00eb"},"content":{"rendered":"<p><em>N\u00eb zgjedhjet e 6 tetorit n\u00eb Kosov\u00eb do t\u00eb garojn\u00eb 4 koalicione parazgjedhore. Partit\u00eb kryesore t\u00eb opozit\u00ebs, LDK dhe Vet\u00ebvendosje, sikurse demokrat\u00ebt e Kosov\u00ebs, vendos\u00ebn t\u00eb kandidojn\u00eb t\u00eb ndara dhe po peshojn\u00eb opsionet p\u00ebr aleanca pas zgjedhjeve. Faktor\u00ebt nd\u00ebrkomb\u00ebtar\u00eb kan\u00eb b\u00ebr\u00eb thirrje q\u00eb k\u00ebto zgjedhje t\u00eb jen\u00eb t\u00eb lira dhe drejta, dhe t\u00eb krijojn\u00eb perspektiv\u00eb p\u00ebr rifillimin e dialogut m\u00eb Serbin\u00eb.<\/em><\/p>\n<p>Shtetet e Kuintit n\u00eb Kosov\u00eb u kan\u00eb b\u00ebr\u00eb thirrje partive politike q\u00eb zgjedhjet e 6 tetorit t&#8217;i shohin si mund\u00ebsi p\u00ebr rifillimin urgjent t\u00eb bisedimeve me Serbin\u00eb.<\/p>\n<p>Ambasadat e Franc\u00ebs, Gjermanis\u00eb, Italis\u00eb, Mbret\u00ebris\u00eb s\u00eb Bashkuar dhe SHBA-s\u00eb than\u00eb se presin shum\u00eb nga elita politike e Prishtin\u00ebs, ve\u00e7an\u00ebrisht p\u00ebr sundimin e ligjit.<\/p>\n<p><em>&#8220;Besojm\u00eb se kandidat\u00ebt duhet t\u00eb mos ken\u00eb t\u00eb kaluar kriminale, duhet t\u00eb tregojn\u00eb se si do ta luftojn\u00eb korrupsionin dhe krimin e organizuar, si do t\u00eb kund\u00ebrshtojn\u00eb pand\u00ebshkueshm\u00ebrin\u00eb dhe nepotizmin,&#8221; njoftuan 5 shtetet me nj\u00eb deklarat\u00eb t\u00eb p\u00ebrbashk\u00ebt.<\/em><\/p>\n<p>Nd\u00ebrkaq, afati p\u00ebr deklarimin e koalicioneve u p\u00ebrmbyll n\u00eb mesnat\u00eb dhe u shfryt\u00ebzua nga 4 grupime politike.<\/p>\n<p>Koalicioni i par\u00eb AAK-PSD do t\u00eb kryesohet nga Ramush Haradinaj, aleanca Nisma-AKR-Partia e Drejt\u00ebsis\u00eb do t\u00eb kandidojn\u00eb p\u00ebr kryeminist\u00ebr Fatmir Limajn, nd\u00ebrsa n\u00eb zgjedhje do t\u00eb bashk\u00ebpunojn\u00eb ve\u00e7as edhe partit\u00eb e komunitetit serb dhe ato boshnjake.<\/p>\n<p>Dy partit\u00eb kryesore opozitare, &#8220;Lv\u00ebizja Vet\u00ebvendosje&#8221; dhe &#8220;Lidhja Demokratike e Kosov\u00ebs&#8221; vendos\u00ebn t\u00eb garojn\u00eb t\u00eb vetme n\u00eb zgjedhje, duke mos e tejkaluar ng\u00ebr\u00e7in rreth emrit t\u00eb kandidatit p\u00ebr kryeminist\u00ebr, q\u00eb Vet\u00ebvendosja k\u00ebmb\u00ebngul se duhet t&#8217;i p\u00ebrkas\u00eb an\u00ebtarit t\u00eb dy partive q\u00eb merr m\u00eb shum\u00eb vota nga qytetar\u00ebt.<\/p>\n<p>Forca e par\u00eb politike, Partia Demokratike, gjithashtu do t\u00eb shkoj\u00eb n\u00eb zgjedhje pa aleat\u00eb, por ka l\u00ebn\u00eb t\u00eb hapur mund\u00ebsin\u00eb e aleancave paszgjedhore.<\/p>\n<p>Fushata zyrtare zgjedhore n\u00eb Kosov\u00eb \u00ebsht\u00eb caktuar t\u00eb nis\u00eb n\u00eb dat\u00ebn 25 shtator, nd\u00ebrsa p\u00ebrfaq\u00ebsimi n\u00eb parlament p\u00ebr partit\u00eb jominoritare do t\u00eb garantohet vet\u00ebm n\u00ebse kalohet pragu prej 5 p\u00ebr qind t\u00eb votave.<\/p>","protected":false},"excerpt":{"rendered":"<p>N\u00eb zgjedhjet e 6 tetorit n\u00eb Kosov\u00eb do t\u00eb garojn\u00eb 4 koalicione parazgjedhore. Partit\u00eb kryesore t\u00eb opozit\u00ebs, LDK dhe Vet\u00ebvendosje, sikurse demokrat\u00ebt e Kosov\u00ebs, vendos\u00ebn t\u00eb kandidojn\u00eb t\u00eb ndara dhe po peshojn\u00eb opsionet p\u00ebr aleanca pas zgjedhjeve. Faktor\u00ebt nd\u00ebrkomb\u00ebtar\u00eb kan\u00eb b\u00ebr\u00eb thirrje q\u00eb k\u00ebto zgjedhje t\u00eb jen\u00eb t\u00eb lira dhe drejta, dhe t\u00eb krijojn\u00eb perspektiv\u00eb [&hellip;]<\/p>\n","protected":false},"author":2013,"featured_media":66199,"comment_status":"open","ping_status":"closed","sticky":false,"template":"","format":"standard","meta":{"footnotes":""},"categories":[241,2],"tags":[],"class_list":{"0":"post-104253","1":"post","2":"type-post","3":"status-publish","4":"format-standard","5":"has-post-thumbnail","7":"category-aktualitet","8":"category-rajoni"},"_links":{"self":[{"href":"https:\/\/zjarr.tv\/en\/wp-json\/wp\/v2\/posts\/104253","targetHints":{"allow":["GET"]}}],"collection":[{"href":"https:\/\/zjarr.tv\/en\/wp-json\/wp\/v2\/posts"}],"about":[{"href":"https:\/\/zjarr.tv\/en\/wp-json\/wp\/v2\/types\/post"}],"author":[{"embeddable":true,"href":"https:\/\/zjarr.tv\/en\/wp-json\/wp\/v2\/users\/2013"}],"replies":[{"embeddable":true,"href":"https:\/\/zjarr.tv\/en\/wp-json\/wp\/v2\/comments?post=104253"}],"version-history":[{"count":0,"href":"https:\/\/zjarr.tv\/en\/wp-json\/wp\/v2\/posts\/104253\/revisions"}],"wp:featuredmedia":[{"embeddable":true,"href":"https:\/\/zjarr.tv\/en\/wp-json\/wp\/v2\/media\/66199"}],"wp:attachment":[{"href":"https:\/\/zjarr.tv\/en\/wp-json\/wp\/v2\/media?parent=104253"}],"wp:term":[{"taxonomy":"category","embeddable":true,"href":"https:\/\/zjarr.tv\/en\/wp-json\/wp\/v2\/categories?post=104253"},{"taxonomy":"post_tag","embeddable":true,"href":"https:\/\/zjarr.tv\/en\/wp-json\/wp\/v2\/tags?post=104253"}],"curies":[{"name":"wp","href":"https:\/\/api.w.org\/{rel}","templated":true}]}}