{"id":104255,"date":"2019-08-31T19:10:22","date_gmt":"2019-08-31T17:10:22","guid":{"rendered":"https:\/\/zjarr.tv\/?p=104255"},"modified":"2019-08-31T17:05:48","modified_gmt":"2019-08-31T15:05:48","slug":"hong-kong-arrestohen-kreret-e-protestave","status":"publish","type":"post","link":"https:\/\/zjarr.tv\/en\/hong-kong-arrestohen-kreret-e-protestave\/","title":{"rendered":"Hong Kong, arrestohen krer\u00ebt e protestave"},"content":{"rendered":"<p><em>Dy figurat ky\u00e7e t\u00eb protestave pro demokracis\u00eb n\u00eb Hong Kong u arrestuan dhe u liruan m\u00eb pas me kusht. Ata akuzohen p\u00ebr nxitjen e protestave t\u00eb paligjshme, t\u00eb cilat kan\u00eb p\u00ebrfshir\u00eb rajonin q\u00eb prej qershorit. Pas lirimit me kusht, t\u00eb dy aktivist\u00ebt u b\u00ebn\u00eb thirrje t\u00eb gjith\u00eb qytetar\u00ebve q\u00eb t\u00eb mos dor\u00ebzohen.\u00a0<\/em><\/p>\n<p>Policia e Hong Kongut liroi me kusht dy aktivist\u00ebt, Joshua Wong dhe Agnes Chow, pasi m\u00eb her\u00ebt i arrestoi dhe ngriti ndaj tyre akuzua p\u00ebr organizimin e protestave t\u00eb paligjshme para zyrave qendrore t\u00eb policis\u00eb. Partia politike e k\u00ebtyre aktivist\u00ebve, Demosisto, njoftoi p\u00ebrmes nj\u00eb deklarate t\u00eb premten se t\u00eb dy u liruan me kusht.<\/p>\n<p><em>\u201cNe populli i Hong Kongut nuk do t\u00eb heqim dor\u00eb dhe nuk do t\u00eb frik\u00ebsohemi nga ky terror dhe kjo padrejt\u00ebsi\u201d,<\/em>\u00a0tha aktivistja Agnes Chow me nj\u00eb postim n\u00eb Twitter.<\/p>\n<p>Edhe Joshua Wong, po ashtu ndeshet me akuza p\u00ebr organizimin m\u00eb 21 gusht t\u00eb protestave t\u00eb paligjshme jasht\u00eb zyrave qendrore t\u00eb policis\u00eb.<\/p>\n<p><em>\u00a0\u201cNj\u00eb shkall\u00eb e lart\u00eb autonomie po g\u00ebrryhet fuqish\u00ebm n\u00ebn efektin e friksh\u00ebm t\u00eb trupave q\u00eb l\u00ebvizin n\u00eb kufi dhe thirrjet p\u00ebr gjendjen e emergjenc\u00ebs, kjo do t\u00eb thot\u00eb se Pekini thjesht manipulon vazhdimisht mbi lirin\u00eb e popullit t\u00eb Hong Kongut. Ne nuk do t\u00eb dor\u00ebzohemi kurr\u00eb,\u201d<\/em>\u00a0tha Wong.<\/p>\n<p>T\u00eb dy aktivist\u00ebt akuzohen p\u00ebr nxitje t\u00eb qytetar\u00ebve t\u00eb tjer\u00eb p\u00ebr t\u00eb marr\u00eb pjes\u00eb n\u00eb protesta t\u00eb paligjshme. Akuza t\u00eb tilla, n\u00ebse v\u00ebrtetohen n\u00eb gjykat\u00eb, mund t\u00eb d\u00ebnohen me mbi pes\u00eb vjet burgim.<\/p>\n<p>Protestat kund\u00ebr qeveris\u00eb n\u00eb rajonin e Hong Kongut nis\u00ebn n\u00eb muajin qershor, pas prezantimit t\u00eb nj\u00eb projektligji q\u00eb parashihte ekstradimin e qytetar\u00ebve drejt pjes\u00ebs kontinentale t\u00eb Kin\u00ebs.<\/p>\n<p>Projektligji i ekstradimit u pezullua, por protestuesit duan t\u00ebrheqjen e tij t\u00eb plot\u00eb, m\u00eb shum\u00eb demokraci n\u00eb rajonin gjysm\u00ebautonom dhe nj\u00eb hetim t\u00eb pavarur p\u00ebr veprimet e policis\u00eb kund\u00ebr protestuesve.<\/p>\n<p>Mbi 900 vet\u00eb jan\u00eb arrestuar gjat\u00eb 13 jav\u00ebve t\u00eb protestave, t\u00eb cilat shpesh her\u00eb jan\u00eb shoq\u00ebruar me dhun\u00eb.<\/p>","protected":false},"excerpt":{"rendered":"<p>Dy figurat ky\u00e7e t\u00eb protestave pro demokracis\u00eb n\u00eb Hong Kong u arrestuan dhe u liruan m\u00eb pas me kusht. Ata akuzohen p\u00ebr nxitjen e protestave t\u00eb paligjshme, t\u00eb cilat kan\u00eb p\u00ebrfshir\u00eb rajonin q\u00eb prej qershorit. Pas lirimit me kusht, t\u00eb dy aktivist\u00ebt u b\u00ebn\u00eb thirrje t\u00eb gjith\u00eb qytetar\u00ebve q\u00eb t\u00eb mos dor\u00ebzohen.\u00a0 Policia e Hong [&hellip;]<\/p>\n","protected":false},"author":2013,"featured_media":0,"comment_status":"open","ping_status":"closed","sticky":false,"template":"","format":"standard","meta":{"footnotes":""},"categories":[241,191],"tags":[],"class_list":{"0":"post-104255","1":"post","2":"type-post","3":"status-publish","4":"format-standard","6":"category-aktualitet","7":"category-bota"},"_links":{"self":[{"href":"https:\/\/zjarr.tv\/en\/wp-json\/wp\/v2\/posts\/104255","targetHints":{"allow":["GET"]}}],"collection":[{"href":"https:\/\/zjarr.tv\/en\/wp-json\/wp\/v2\/posts"}],"about":[{"href":"https:\/\/zjarr.tv\/en\/wp-json\/wp\/v2\/types\/post"}],"author":[{"embeddable":true,"href":"https:\/\/zjarr.tv\/en\/wp-json\/wp\/v2\/users\/2013"}],"replies":[{"embeddable":true,"href":"https:\/\/zjarr.tv\/en\/wp-json\/wp\/v2\/comments?post=104255"}],"version-history":[{"count":0,"href":"https:\/\/zjarr.tv\/en\/wp-json\/wp\/v2\/posts\/104255\/revisions"}],"wp:attachment":[{"href":"https:\/\/zjarr.tv\/en\/wp-json\/wp\/v2\/media?parent=104255"}],"wp:term":[{"taxonomy":"category","embeddable":true,"href":"https:\/\/zjarr.tv\/en\/wp-json\/wp\/v2\/categories?post=104255"},{"taxonomy":"post_tag","embeddable":true,"href":"https:\/\/zjarr.tv\/en\/wp-json\/wp\/v2\/tags?post=104255"}],"curies":[{"name":"wp","href":"https:\/\/api.w.org\/{rel}","templated":true}]}}