{"id":104263,"date":"2019-08-31T19:40:38","date_gmt":"2019-08-31T17:40:38","guid":{"rendered":"https:\/\/zjarr.tv\/?p=104263"},"modified":"2019-08-31T17:08:02","modified_gmt":"2019-08-31T15:08:02","slug":"itali-5-yjet-ultimatum-demokrateve","status":"publish","type":"post","link":"https:\/\/zjarr.tv\/en\/itali-5-yjet-ultimatum-demokrateve\/","title":{"rendered":"Itali, &#8220;5 yjet&#8221; ultimatum demokrat\u00ebve"},"content":{"rendered":"<p><em>Nd\u00ebrsa mbeten pak dit\u00eb nga konfirmimi i qeveris\u00eb s\u00eb re t\u00eb Italis\u00eb ose shpallja e zgjedhjeve t\u00eb reja, dy aleat\u00ebt L\u00ebvizja 5 Yjet dhe Partia Demokratike vazhdojn\u00eb t\u00eb mos ken\u00eb unitet rreth programit politik por edhe pik\u00ebpyetje rreth ndarjes s\u00eb posteve ministrore. Ultradjathtist\u00ebt e Mateo Salvinit apelojn\u00eb p\u00ebr zgjedhje dhe paralajm\u00ebrojn\u00eb daljen n\u00eb protesta m\u00eb 19 tetor.<\/em><\/p>\n<p>Arritja e nj\u00eb kompromisi mes partive L\u00ebvizja 5 Yjet dhe demokrat\u00ebve italian\u00eb po b\u00ebhet m\u00eb e v\u00ebshtir\u00eb m\u00eb kalimin e or\u00ebve.<\/p>\n<p>E ardhmja e koalicionit u vu t\u00eb premten n\u00eb pik\u00ebpyetje nga kryetar\u00ebt Luigi Di Maio dhe Nicola Zingaretti. Shkak u b\u00eb parashtrimi i nj\u00eb manifesti t\u00eb ri programor me 20 pika t\u00eb panegociueshme nga 5 Yjet.<\/p>\n<p><em>&#8220;Pikat tona jan\u00eb t\u00eb qarta dhe ne nisim pun\u00ebn menj\u00ebher\u00eb n\u00ebse ato p\u00ebrfshih\u00ebn n\u00eb programin qeveris\u00ebs. N\u00eb t\u00eb kund\u00ebrt, do t\u00eb ishte m\u00eb mir\u00eb t\u00eb shkonim n\u00eb zgjedhje, dhe un\u00eb do thosha, sa m\u00eb shpejt t\u00eb jet\u00eb e mundur,&#8221; deklaroi Di Maio n\u00eb konferenc\u00eb.<\/em><\/p>\n<p>Homologu i tij Nicola Zingaretti replikoi duke i k\u00ebrkuar rivalit t\u00eb vjet\u00ebr t\u00eb heq\u00eb dor\u00eb nga k\u00ebrc\u00ebnimet.<\/p>\n<p><em>&#8220;Po punojm\u00eb me seriozitet p\u00ebr t&#8217;i dh\u00ebn\u00eb Italis\u00eb nj\u00eb qeveri t\u00eb re, europeiste, sociale dhe t\u00eb gjelb\u00ebr. Por mjaft me ultimatumet e papranueshme, ose nuk shkojm\u00eb asgj\u00ebkundi,&#8221; reagoi kreu i demokrat\u00ebve.<\/em><\/p>\n<p>M\u00ebsohet se pikat m\u00eb t\u00eb debatuara t\u00eb programit t\u00eb propozuar jan\u00eb shkurtimi i numrit t\u00eb parlamentar\u00ebve dhe mbajtja n\u00eb fuqi e nj\u00eb dekreti kund\u00ebr anijeve me refugjat\u00eb q\u00eb hyjn\u00eb pa leje n\u00eb uj\u00ebrat e vendit, por p\u00ebrplasjet vazhdojn\u00eb edhe p\u00ebr rolin q\u00eb Di Maio do t\u00eb kryej\u00eb n\u00eb kabinet.<\/p>\n<p>Delegacionet e dy partive kan\u00eb koh\u00eb deri jav\u00ebn e ardhshme p\u00ebr t\u00eb kap\u00ebrcyer mosmarr\u00ebveshjet me ndihm\u00ebn e kryeministrit t\u00eb mandatuar, Giuseppe Conte.<\/p>\n<p>Nd\u00ebrkoh\u00eb, shefi i partis\u00eb &#8220;Lidhja&#8221;, Matteo Salvini, ka k\u00ebrkuar mobilizimin e mb\u00ebshtet\u00ebsve \u00a0n\u00eb sheshe, duke nisur me nj\u00eb protest\u00eb masive m\u00eb 19 tetor ku do t\u00eb p\u00ebrs\u00ebritet apeli p\u00ebr mbajtjen e zgjedhjeve t\u00eb reja.<\/p>","protected":false},"excerpt":{"rendered":"<p>Nd\u00ebrsa mbeten pak dit\u00eb nga konfirmimi i qeveris\u00eb s\u00eb re t\u00eb Italis\u00eb ose shpallja e zgjedhjeve t\u00eb reja, dy aleat\u00ebt L\u00ebvizja 5 Yjet dhe Partia Demokratike vazhdojn\u00eb t\u00eb mos ken\u00eb unitet rreth programit politik por edhe pik\u00ebpyetje rreth ndarjes s\u00eb posteve ministrore. Ultradjathtist\u00ebt e Mateo Salvinit apelojn\u00eb p\u00ebr zgjedhje dhe paralajm\u00ebrojn\u00eb daljen n\u00eb protesta m\u00eb [&hellip;]<\/p>\n","protected":false},"author":2013,"featured_media":104264,"comment_status":"open","ping_status":"closed","sticky":false,"template":"","format":"standard","meta":{"footnotes":""},"categories":[241,191],"tags":[],"class_list":{"0":"post-104263","1":"post","2":"type-post","3":"status-publish","4":"format-standard","5":"has-post-thumbnail","7":"category-aktualitet","8":"category-bota"},"_links":{"self":[{"href":"https:\/\/zjarr.tv\/en\/wp-json\/wp\/v2\/posts\/104263","targetHints":{"allow":["GET"]}}],"collection":[{"href":"https:\/\/zjarr.tv\/en\/wp-json\/wp\/v2\/posts"}],"about":[{"href":"https:\/\/zjarr.tv\/en\/wp-json\/wp\/v2\/types\/post"}],"author":[{"embeddable":true,"href":"https:\/\/zjarr.tv\/en\/wp-json\/wp\/v2\/users\/2013"}],"replies":[{"embeddable":true,"href":"https:\/\/zjarr.tv\/en\/wp-json\/wp\/v2\/comments?post=104263"}],"version-history":[{"count":0,"href":"https:\/\/zjarr.tv\/en\/wp-json\/wp\/v2\/posts\/104263\/revisions"}],"wp:featuredmedia":[{"embeddable":true,"href":"https:\/\/zjarr.tv\/en\/wp-json\/wp\/v2\/media\/104264"}],"wp:attachment":[{"href":"https:\/\/zjarr.tv\/en\/wp-json\/wp\/v2\/media?parent=104263"}],"wp:term":[{"taxonomy":"category","embeddable":true,"href":"https:\/\/zjarr.tv\/en\/wp-json\/wp\/v2\/categories?post=104263"},{"taxonomy":"post_tag","embeddable":true,"href":"https:\/\/zjarr.tv\/en\/wp-json\/wp\/v2\/tags?post=104263"}],"curies":[{"name":"wp","href":"https:\/\/api.w.org\/{rel}","templated":true}]}}