{"id":104274,"date":"2019-08-31T20:20:30","date_gmt":"2019-08-31T18:20:30","guid":{"rendered":"https:\/\/zjarr.tv\/?p=104274"},"modified":"2019-08-31T17:12:23","modified_gmt":"2019-08-31T15:12:23","slug":"hamilton-e-nis-garen-ne-prapavije-leclerc-siguron-pole-position-per-ferrarin","status":"publish","type":"post","link":"https:\/\/zjarr.tv\/en\/hamilton-e-nis-garen-ne-prapavije-leclerc-siguron-pole-position-per-ferrarin\/","title":{"rendered":"Hamilton e nis gar\u00ebn n\u00eb prapavij\u00eb, Leclerc siguron pole position p\u00ebr ferrarin"},"content":{"rendered":"<p>Lewis Hamilton do ta nis\u00eb gar\u00ebn e s\u00eb diel\u00ebs n\u00eb vendin e fundit pas nj\u00eb aksidenti q\u00eb p\u00ebsoi gjat\u00eb provave dit\u00ebn e sotme.<\/p>\n<p>Britaniku humbi kontrollin e makin\u00ebs n\u00eb sektorin e 12-t\u00eb t\u00eb pist\u00ebs duke devijuar e p\u00ebrplasur n\u00eb murin rrethues. Fatmir\u00ebsisht 34-vje\u00e7ari doli i pad\u00ebmtuar por nuk mund t\u00eb themi t\u00eb nj\u00ebjt\u00ebn gj\u00eb p\u00ebr Mercedesin e tij. Skuadra e tij raporton se piloti \u00ebsht\u00eb n\u00eb gjendje t\u00eb mir\u00eb nd\u00ebrkoh\u00eb q\u00eb mekanik\u00ebt e Mercedes jan\u00eb duke punuar p\u00ebr ta b\u00ebr\u00eb makin\u00ebn gati p\u00ebr gar\u00ebn e nes\u00ebrme.<\/p>\n<p>Kjo p\u00ebrplasje ndoshta do t\u2019i kushtoj\u00eb Hamiltonit gar\u00ebn pasi ajo e d\u00ebrgon n\u00eb vendin e fundit n\u00eb start. Por kjo nuk e shqet\u00ebson pilotin anglez pasi ai renditet i pari n\u00eb klasifikim me 62 pik\u00eb larg vendit t\u00eb dyt\u00eb.<\/p>\n<p>Nd\u00ebrkoh\u00eb n\u00eb an\u00ebn tjet\u00ebr Charles Leclerc dhe Sebastian Vettel arrit\u00ebn t\u00eb sigurojn\u00eb dy vende n\u00eb pole position p\u00ebr \u00e7mimin e madh t\u00eb Belgjik\u00ebs. N\u00eb vendin e tret\u00eb u rendit Valteri Bottas e n\u00eb t\u00eb kat\u00ebrtin surprizon Daniel Ricciardo.<\/p>","protected":false},"excerpt":{"rendered":"<p>Lewis Hamilton do ta nis\u00eb gar\u00ebn e s\u00eb diel\u00ebs n\u00eb vendin e fundit pas nj\u00eb aksidenti q\u00eb p\u00ebsoi gjat\u00eb provave dit\u00ebn e sotme. Britaniku humbi kontrollin e makin\u00ebs n\u00eb sektorin e 12-t\u00eb t\u00eb pist\u00ebs duke devijuar e p\u00ebrplasur n\u00eb murin rrethues. Fatmir\u00ebsisht 34-vje\u00e7ari doli i pad\u00ebmtuar por nuk mund t\u00eb themi t\u00eb nj\u00ebjt\u00ebn gj\u00eb p\u00ebr [&hellip;]<\/p>\n","protected":false},"author":2013,"featured_media":104275,"comment_status":"open","ping_status":"closed","sticky":false,"template":"","format":"standard","meta":{"footnotes":""},"categories":[241,192],"tags":[],"class_list":{"0":"post-104274","1":"post","2":"type-post","3":"status-publish","4":"format-standard","5":"has-post-thumbnail","7":"category-aktualitet","8":"category-sport"},"_links":{"self":[{"href":"https:\/\/zjarr.tv\/en\/wp-json\/wp\/v2\/posts\/104274","targetHints":{"allow":["GET"]}}],"collection":[{"href":"https:\/\/zjarr.tv\/en\/wp-json\/wp\/v2\/posts"}],"about":[{"href":"https:\/\/zjarr.tv\/en\/wp-json\/wp\/v2\/types\/post"}],"author":[{"embeddable":true,"href":"https:\/\/zjarr.tv\/en\/wp-json\/wp\/v2\/users\/2013"}],"replies":[{"embeddable":true,"href":"https:\/\/zjarr.tv\/en\/wp-json\/wp\/v2\/comments?post=104274"}],"version-history":[{"count":0,"href":"https:\/\/zjarr.tv\/en\/wp-json\/wp\/v2\/posts\/104274\/revisions"}],"wp:featuredmedia":[{"embeddable":true,"href":"https:\/\/zjarr.tv\/en\/wp-json\/wp\/v2\/media\/104275"}],"wp:attachment":[{"href":"https:\/\/zjarr.tv\/en\/wp-json\/wp\/v2\/media?parent=104274"}],"wp:term":[{"taxonomy":"category","embeddable":true,"href":"https:\/\/zjarr.tv\/en\/wp-json\/wp\/v2\/categories?post=104274"},{"taxonomy":"post_tag","embeddable":true,"href":"https:\/\/zjarr.tv\/en\/wp-json\/wp\/v2\/tags?post=104274"}],"curies":[{"name":"wp","href":"https:\/\/api.w.org\/{rel}","templated":true}]}}