{"id":104282,"date":"2019-08-31T20:40:17","date_gmt":"2019-08-31T18:40:17","guid":{"rendered":"https:\/\/zjarr.tv\/?p=104282"},"modified":"2019-08-31T17:14:54","modified_gmt":"2019-08-31T15:14:54","slug":"torino-perforcon-mbrojtjen-merr-lojtarin-e-milanit","status":"publish","type":"post","link":"https:\/\/zjarr.tv\/en\/torino-perforcon-mbrojtjen-merr-lojtarin-e-milanit\/","title":{"rendered":"Torino p\u00ebrforcon mbrojtjen, merr lojtarin e Milanit"},"content":{"rendered":"<p>Diego Laxalt \u00ebsht\u00eb p\u00ebrforcimi m\u00eb i ri i Torinos. N\u00ebp\u00ebrmjet nj\u00eb njotimi n\u00eb facebook klubi italian zyrtarizon transferimin e 26 vje\u00e7arit nga Milan.<\/p>\n<p>Laxalt nuk do t\u00eb jet\u00eb pjes\u00eb e planeve t\u00eb teknikut t\u00eb kuqezinjve, Marco Giampaolo prandaj iu bashkua torinez\u00ebve. Aty do t\u00eb bashkohet me lojtar\u00eb me t\u00eb cil\u00ebt ka luajtur m\u00eb par\u00eb.<\/p>\n<p>\u201cUn\u00eb vij n\u00eb Torino me nj\u00eb entuziaz\u00ebm t\u00eb madh dhe jam i gatsh\u00ebm menj\u00ebher\u00eb q\u00eb t\u00eb vendosem n\u00eb dispozicion t\u00eb trajnerit Mazzari, t\u00eb cilin e kam takuar n\u00eb koh\u00ebn e Interit. Gjithashtu kam disa miq n\u00eb skuad\u00ebr dhe mendoj se do t\u00eb p\u00ebrshtatem shpejt\u201d \u2013 shprehet ai.<\/p>","protected":false},"excerpt":{"rendered":"<p>Diego Laxalt \u00ebsht\u00eb p\u00ebrforcimi m\u00eb i ri i Torinos. N\u00ebp\u00ebrmjet nj\u00eb njotimi n\u00eb facebook klubi italian zyrtarizon transferimin e 26 vje\u00e7arit nga Milan. Laxalt nuk do t\u00eb jet\u00eb pjes\u00eb e planeve t\u00eb teknikut t\u00eb kuqezinjve, Marco Giampaolo prandaj iu bashkua torinez\u00ebve. Aty do t\u00eb bashkohet me lojtar\u00eb me t\u00eb cil\u00ebt ka luajtur m\u00eb par\u00eb. \u201cUn\u00eb [&hellip;]<\/p>\n","protected":false},"author":2013,"featured_media":0,"comment_status":"open","ping_status":"closed","sticky":false,"template":"","format":"standard","meta":{"footnotes":""},"categories":[241,192],"tags":[],"class_list":{"0":"post-104282","1":"post","2":"type-post","3":"status-publish","4":"format-standard","6":"category-aktualitet","7":"category-sport"},"_links":{"self":[{"href":"https:\/\/zjarr.tv\/en\/wp-json\/wp\/v2\/posts\/104282","targetHints":{"allow":["GET"]}}],"collection":[{"href":"https:\/\/zjarr.tv\/en\/wp-json\/wp\/v2\/posts"}],"about":[{"href":"https:\/\/zjarr.tv\/en\/wp-json\/wp\/v2\/types\/post"}],"author":[{"embeddable":true,"href":"https:\/\/zjarr.tv\/en\/wp-json\/wp\/v2\/users\/2013"}],"replies":[{"embeddable":true,"href":"https:\/\/zjarr.tv\/en\/wp-json\/wp\/v2\/comments?post=104282"}],"version-history":[{"count":0,"href":"https:\/\/zjarr.tv\/en\/wp-json\/wp\/v2\/posts\/104282\/revisions"}],"wp:attachment":[{"href":"https:\/\/zjarr.tv\/en\/wp-json\/wp\/v2\/media?parent=104282"}],"wp:term":[{"taxonomy":"category","embeddable":true,"href":"https:\/\/zjarr.tv\/en\/wp-json\/wp\/v2\/categories?post=104282"},{"taxonomy":"post_tag","embeddable":true,"href":"https:\/\/zjarr.tv\/en\/wp-json\/wp\/v2\/tags?post=104282"}],"curies":[{"name":"wp","href":"https:\/\/api.w.org\/{rel}","templated":true}]}}