{"id":104285,"date":"2019-08-31T20:50:14","date_gmt":"2019-08-31T18:50:14","guid":{"rendered":"https:\/\/zjarr.tv\/?p=104285"},"modified":"2019-08-31T17:15:57","modified_gmt":"2019-08-31T15:15:57","slug":"video-berisha-ne-superforme-vleresim-fantastik-per-portierin","status":"publish","type":"post","link":"https:\/\/zjarr.tv\/en\/video-berisha-ne-superforme-vleresim-fantastik-per-portierin\/","title":{"rendered":"Video\/ Berisha n\u00eb superform\u00eb, vler\u00ebsim fantastik p\u00ebr portierin"},"content":{"rendered":"<p>Etrit Berisha la Atalant\u00ebn p\u00ebr SPAL-in pak jav\u00eb m\u00eb par\u00eb dhe \u00ebsht\u00eb kthyer menj\u00ebher\u00eb n\u00eb protagonist p\u00ebr ekipin e tij. Ndon\u00ebse skuadra nga Ferrara nuk e ka shijuar ende pik\u00ebn e par\u00eb n\u00eb kampionat, pasi ka humbur 3-2 n\u00eb sfid\u00ebn e par\u00eb ndaj Atalant\u00ebs dhe 1-0 dje ndaj Bolonjas. Por n\u00ebse rezultatet n\u00eb aspektin kolektiv kan\u00eb munguar, paraqitjet e gardianit kuqezi kan\u00eb qen\u00eb fantastike.<\/p>\n<div id=\"pa_1x1_psbk_1567264508367\"><\/div>\n<p>Si ndaj Atalant\u00ebs, ashtu edhe ndaj Bolonj\u00ebs, Berisha ka qen\u00eb nd\u00ebr m\u00eb t\u00eb vler\u00ebsurit n\u00eb fush\u00ebn e loj\u00ebs, teksa ndaj kuqebluve ishte m\u00eb i miri i SPAL-it dhe i vler\u00ebsuar me not\u00ebn e lart\u00eb 7.5 nga \u201cSportmediaset\u201d, pavar\u00ebsisht humbjes. Berisha priti gjith\u00e7ka q\u00eb mund t\u00eb pritej deri n\u00eb minut\u00ebn e 93-t\u00eb, kur gjuajtja me kok\u00eb e Sorianos shkon atje ku ai nuk mund ta arrij\u00eb. Padyshim q\u00eb forma e Berish\u00ebs k\u00ebnaq pa fund Edi Rej\u00ebn n\u00eb prag t\u00eb takimeve kund\u00ebr Franc\u00ebs dhe Island\u00ebs, pasi i garanton stabilitet n\u00eb kuadrat dhe nj\u00eb duel t\u00eb fort\u00eb me titullarin Strakosha.<\/p>\n<p><iframe loading=\"lazy\" src=\"https:\/\/soccerclips.veuclips.com\/embed\/vJdXTY8i1k\" width=\"640\" height=\"266\" allowfullscreen=\"allowfullscreen\" data-mce-fragment=\"1\"><\/iframe><\/p>\n<p>&nbsp;<\/p>","protected":false},"excerpt":{"rendered":"<p>Etrit Berisha la Atalant\u00ebn p\u00ebr SPAL-in pak jav\u00eb m\u00eb par\u00eb dhe \u00ebsht\u00eb kthyer menj\u00ebher\u00eb n\u00eb protagonist p\u00ebr ekipin e tij. Ndon\u00ebse skuadra nga Ferrara nuk e ka shijuar ende pik\u00ebn e par\u00eb n\u00eb kampionat, pasi ka humbur 3-2 n\u00eb sfid\u00ebn e par\u00eb ndaj Atalant\u00ebs dhe 1-0 dje ndaj Bolonjas. Por n\u00ebse rezultatet n\u00eb aspektin kolektiv [&hellip;]<\/p>\n","protected":false},"author":2013,"featured_media":94002,"comment_status":"open","ping_status":"closed","sticky":false,"template":"","format":"standard","meta":{"footnotes":""},"categories":[241,192],"tags":[],"class_list":{"0":"post-104285","1":"post","2":"type-post","3":"status-publish","4":"format-standard","5":"has-post-thumbnail","7":"category-aktualitet","8":"category-sport"},"_links":{"self":[{"href":"https:\/\/zjarr.tv\/en\/wp-json\/wp\/v2\/posts\/104285","targetHints":{"allow":["GET"]}}],"collection":[{"href":"https:\/\/zjarr.tv\/en\/wp-json\/wp\/v2\/posts"}],"about":[{"href":"https:\/\/zjarr.tv\/en\/wp-json\/wp\/v2\/types\/post"}],"author":[{"embeddable":true,"href":"https:\/\/zjarr.tv\/en\/wp-json\/wp\/v2\/users\/2013"}],"replies":[{"embeddable":true,"href":"https:\/\/zjarr.tv\/en\/wp-json\/wp\/v2\/comments?post=104285"}],"version-history":[{"count":0,"href":"https:\/\/zjarr.tv\/en\/wp-json\/wp\/v2\/posts\/104285\/revisions"}],"wp:featuredmedia":[{"embeddable":true,"href":"https:\/\/zjarr.tv\/en\/wp-json\/wp\/v2\/media\/94002"}],"wp:attachment":[{"href":"https:\/\/zjarr.tv\/en\/wp-json\/wp\/v2\/media?parent=104285"}],"wp:term":[{"taxonomy":"category","embeddable":true,"href":"https:\/\/zjarr.tv\/en\/wp-json\/wp\/v2\/categories?post=104285"},{"taxonomy":"post_tag","embeddable":true,"href":"https:\/\/zjarr.tv\/en\/wp-json\/wp\/v2\/tags?post=104285"}],"curies":[{"name":"wp","href":"https:\/\/api.w.org\/{rel}","templated":true}]}}