{"id":104289,"date":"2019-08-31T21:10:11","date_gmt":"2019-08-31T19:10:11","guid":{"rendered":"https:\/\/zjarr.tv\/?p=104289"},"modified":"2019-08-31T17:17:50","modified_gmt":"2019-08-31T15:17:50","slug":"ldk-dhe-vetevendosje-ndarazi-ne-zgjedhje","status":"publish","type":"post","link":"https:\/\/zjarr.tv\/en\/ldk-dhe-vetevendosje-ndarazi-ne-zgjedhje\/","title":{"rendered":"LDK dhe Vet\u00ebvendosje \u2013 ndarazi n\u00eb zgjedhje"},"content":{"rendered":"<p>Lidhja Demokratike e Kosov\u00ebs dhe l\u00ebvizja Vet\u00ebvendosje, diskutuan edhe t\u00eb premten p\u00ebr nj\u00eb marr\u00ebveshje p\u00ebr pjes\u00ebmarrje t\u00eb p\u00ebrbashk\u00ebt n\u00eb zgjedhjet e 6 tetorit, por, p\u00ebrpjekjet d\u00ebshtuan p\u00ebr shkak t\u00eb mospajtimeve rreth kandidatur\u00ebs p\u00ebr postin e kryeministrit.<\/p>\n<div id=\"sovrn\" class=\"desktop_ad ad_bottom_space\"><ins><\/ins><\/p>\n<div id=\"onetag-wrapper-3\" class=\"sovrn-onetag-ad\"><\/div>\n<\/div>\n<p>N\u00eb mesnat\u00ebn e s\u00eb premtes p\u00ebrfundoi afati p\u00ebr regjistrimin e koalicioneve dhe t\u00eb dyja k\u00ebto parti sikurse edhe Partia Demokratike e Kosov\u00ebs, shkojn\u00eb n\u00eb zgjedhje t\u00eb vetme. Deri n\u00eb p\u00ebrfundim t\u00eb afatit, n\u00eb Komisionin Qendror t\u00eb Zgjedhjeve jan\u00eb regjistruar dy koalicione parazgjedhore t\u00eb partive politike shqiptare: koalicioni i Nism\u00ebs Socialdemokrate dhe Aleanc\u00ebs Kosova e Re dhe ai nd\u00ebrmjet Aleanc\u00ebs p\u00ebr Ardhm\u00ebrin\u00eb e Kosov\u00ebs dhe Partis\u00eb Socialdemokrate si dhe dy koalicione t\u00eb partive politike t\u00eb pakicave komb\u00ebtare.<\/p>\n<div id=\"videoad\"><\/div>\n<div id=\"pa_1x1_psbk_1567264645991\"><\/div>\n<p>Kosova do t\u00eb votoj\u00eb m\u00eb gjasht\u00eb tetor n\u00eb zgjedhjet e parakohshme q\u00eb pasuan dor\u00ebheqjen e kryeministrit Ramush Haradinaj, i cili u thirr p\u00ebr t\u2019u marr\u00eb n\u00eb pyetje n\u00eb Prokurorin\u00eb e Posa\u00e7me n\u00eb Hag\u00eb e cila trajton pretendimet p\u00ebr krime lufte dhe t\u00eb pasluft\u00ebs n\u00eb Kosov\u00eb.<\/p>\n<p>K\u00ebto zgjedhje shihen t\u00eb r\u00ebnd\u00ebsishme p\u00ebr Kosov\u00ebn p\u00ebr shkak t\u00eb sfidave me t\u00eb cilat pritet t\u00eb p\u00ebrballet qeveria e re, posa\u00e7\u00ebrisht me \u00e7\u00ebshtjen e tarifave ndaj mallrave serbe dhe rip\u00ebrt\u00ebritjen e bisedimeve te pezulluara me Serbin\u00eb, p\u00ebr normalizimin e marr\u00ebdh\u00ebnieve nd\u00ebrmjet dy vendeve, q\u00eb \u00ebsht\u00eb edhe kusht p\u00ebr integrimet evropiane t\u00eb tyre. \/<strong>Z\u00ebri i Amerik\u00ebs\/<\/strong><\/p>","protected":false},"excerpt":{"rendered":"<p>Lidhja Demokratike e Kosov\u00ebs dhe l\u00ebvizja Vet\u00ebvendosje, diskutuan edhe t\u00eb premten p\u00ebr nj\u00eb marr\u00ebveshje p\u00ebr pjes\u00ebmarrje t\u00eb p\u00ebrbashk\u00ebt n\u00eb zgjedhjet e 6 tetorit, por, p\u00ebrpjekjet d\u00ebshtuan p\u00ebr shkak t\u00eb mospajtimeve rreth kandidatur\u00ebs p\u00ebr postin e kryeministrit. N\u00eb mesnat\u00ebn e s\u00eb premtes p\u00ebrfundoi afati p\u00ebr regjistrimin e koalicioneve dhe t\u00eb dyja k\u00ebto parti sikurse edhe Partia [&hellip;]<\/p>\n","protected":false},"author":2013,"featured_media":104290,"comment_status":"open","ping_status":"closed","sticky":false,"template":"","format":"standard","meta":{"footnotes":""},"categories":[241,2],"tags":[],"class_list":{"0":"post-104289","1":"post","2":"type-post","3":"status-publish","4":"format-standard","5":"has-post-thumbnail","7":"category-aktualitet","8":"category-rajoni"},"_links":{"self":[{"href":"https:\/\/zjarr.tv\/en\/wp-json\/wp\/v2\/posts\/104289","targetHints":{"allow":["GET"]}}],"collection":[{"href":"https:\/\/zjarr.tv\/en\/wp-json\/wp\/v2\/posts"}],"about":[{"href":"https:\/\/zjarr.tv\/en\/wp-json\/wp\/v2\/types\/post"}],"author":[{"embeddable":true,"href":"https:\/\/zjarr.tv\/en\/wp-json\/wp\/v2\/users\/2013"}],"replies":[{"embeddable":true,"href":"https:\/\/zjarr.tv\/en\/wp-json\/wp\/v2\/comments?post=104289"}],"version-history":[{"count":0,"href":"https:\/\/zjarr.tv\/en\/wp-json\/wp\/v2\/posts\/104289\/revisions"}],"wp:featuredmedia":[{"embeddable":true,"href":"https:\/\/zjarr.tv\/en\/wp-json\/wp\/v2\/media\/104290"}],"wp:attachment":[{"href":"https:\/\/zjarr.tv\/en\/wp-json\/wp\/v2\/media?parent=104289"}],"wp:term":[{"taxonomy":"category","embeddable":true,"href":"https:\/\/zjarr.tv\/en\/wp-json\/wp\/v2\/categories?post=104289"},{"taxonomy":"post_tag","embeddable":true,"href":"https:\/\/zjarr.tv\/en\/wp-json\/wp\/v2\/tags?post=104289"}],"curies":[{"name":"wp","href":"https:\/\/api.w.org\/{rel}","templated":true}]}}