{"id":104412,"date":"2019-09-01T19:20:53","date_gmt":"2019-09-01T17:20:53","guid":{"rendered":"https:\/\/zjarr.tv\/?p=104412"},"modified":"2019-09-01T15:31:18","modified_gmt":"2019-09-01T13:31:18","slug":"macron-dhe-rohani-bisedojne-per-marreveshjen-berthamore","status":"publish","type":"post","link":"https:\/\/zjarr.tv\/en\/macron-dhe-rohani-bisedojne-per-marreveshjen-berthamore\/","title":{"rendered":"Macron dhe Rohani bisedojn\u00eb p\u00ebr marr\u00ebveshjen b\u00ebrthamore"},"content":{"rendered":"<p>Presidenti i Franc\u00ebs, Emmanuel Macron i ka b\u00ebr\u00eb thirrje homologut t\u00eb tij iranian, Hassan Rohani q\u00eb t\u00eb tregoj\u00eb p\u00ebrmbajtje n\u00eb koh\u00ebn e rritjes s\u00eb tensioneve n\u00eb rajon, teksa Rohani i b\u00ebri thirrje Evrop\u00ebs q\u00eb t\u00eb nd\u00ebrmarr\u00eb masa n\u00eb m\u00ebnyr\u00eb q\u00eb marr\u00ebveshja b\u00ebrthamore e vitit 2015 t\u00eb mbetet gjall\u00eb.<\/p>\n<p>Zyra e Macronit ka th\u00ebn\u00eb se gjat\u00eb nj\u00eb bisede telefonike, presidenti francez ka k\u00ebrkuar nga Irani q\u00eb t\u00eb \u201cnd\u00ebrmarr\u00eb masat e nevojshme\u201d p\u00ebr t\u00eb inkurajuar negociatat n\u00eb luft\u00ebn n\u00eb Jemen dhe k\u00ebrkoi nga Irani q\u00eb t\u00eb \u201cshfaq p\u00ebrmbajtje m\u00eb t\u00eb madhe n\u00eb Liban, n\u00eb m\u00ebnyr\u00eb q\u00eb asgj\u00eb t\u00eb mos e rrezikoj\u00eb stabilitetin n\u00eb k\u00ebt\u00eb moment ku ka tensione t\u00eb m\u00ebdha\u201d.<\/p>\n<p>Irani \u00ebsht\u00eb i p\u00ebrfshir\u00eb n\u00eb at\u00eb q\u00eb shum\u00ebkush e quan luft\u00eb me Arabin\u00eb Saudite n\u00eb Jemen.<\/p>\n<p>Qeveria n\u00eb Jemen, q\u00eb mb\u00ebshtetet nga Arabia Saudite dhe aleat\u00ebt e saj, po luftojn\u00eb me rebel\u00ebt Huthi q\u00eb mb\u00ebshteten nga Irani, q\u00eb prej vitit 2015.<\/p>\n<p>Rreth 10 mij\u00eb njer\u00ebz jan\u00eb vrar\u00eb dhe 14 milion\u00eb jemenas jan\u00eb detyruar q\u00eb t\u00eb largohen nga vendi si pasoj\u00eb e uris\u00eb, q\u00eb \u00ebsht\u00eb shkaktuar nga konflikti.<\/p>\n<p>Nd\u00ebrkaq, tensionet jan\u00eb t\u00eb larta nd\u00ebrmjet Izraelit dhe Iranit rreth Libanit, duke ngritur frik\u00ebn p\u00ebr nj\u00eb konflikt t\u00eb armatosur rreth k\u00ebtyre dy shteteve.<\/p>\n<p>Marron po ashtu i ka b\u00ebr\u00eb s\u00ebrish thirrje Iranit q\u00eb t\u2019i p\u00ebrmbahet marr\u00ebveshjes b\u00ebrthamore.<\/p>\n<p>Shtetet e Bashkuara u t\u00ebrhoq\u00ebn nga kjo marr\u00ebveshje vitin e kaluar dhe rivendos\u00ebn sanksione ndaj Teheranit.<\/p>\n<p>Teherani thot\u00eb se mbet\u00ebt e p\u00ebrkushtuar n\u00eb marr\u00ebveshje, por k\u00ebrkon nga aleat\u00ebt evropian\u00eb \u2013 Britania, Franca dhe Gjermania \u2013 q\u00eb t\u00eb nd\u00ebrmarrin masa p\u00ebr t\u00eb leht\u00ebsuar d\u00ebmet e shkaktuar nga sanksionet amerikane.<\/p>\n<p>N\u00eb bised\u00ebn telefonike me Macronin, Rohani \u00ebsht\u00eb shprehur se vendi i tij do t\u00eb nd\u00ebrmarr\u00eb hapa p\u00ebr t\u00eb reduktuar obligimet q\u00eb dalin nga kjo marr\u00ebveshje, n\u00ebse Evropa nuk respekton obligimet e saja.\/Rel<\/p>","protected":false},"excerpt":{"rendered":"<p>Presidenti i Franc\u00ebs, Emmanuel Macron i ka b\u00ebr\u00eb thirrje homologut t\u00eb tij iranian, Hassan Rohani q\u00eb t\u00eb tregoj\u00eb p\u00ebrmbajtje n\u00eb koh\u00ebn e rritjes s\u00eb tensioneve n\u00eb rajon, teksa Rohani i b\u00ebri thirrje Evrop\u00ebs q\u00eb t\u00eb nd\u00ebrmarr\u00eb masa n\u00eb m\u00ebnyr\u00eb q\u00eb marr\u00ebveshja b\u00ebrthamore e vitit 2015 t\u00eb mbetet gjall\u00eb. Zyra e Macronit ka th\u00ebn\u00eb se gjat\u00eb [&hellip;]<\/p>\n","protected":false},"author":2013,"featured_media":104413,"comment_status":"open","ping_status":"closed","sticky":false,"template":"","format":"standard","meta":{"footnotes":""},"categories":[241,191],"tags":[],"class_list":{"0":"post-104412","1":"post","2":"type-post","3":"status-publish","4":"format-standard","5":"has-post-thumbnail","7":"category-aktualitet","8":"category-bota"},"_links":{"self":[{"href":"https:\/\/zjarr.tv\/en\/wp-json\/wp\/v2\/posts\/104412","targetHints":{"allow":["GET"]}}],"collection":[{"href":"https:\/\/zjarr.tv\/en\/wp-json\/wp\/v2\/posts"}],"about":[{"href":"https:\/\/zjarr.tv\/en\/wp-json\/wp\/v2\/types\/post"}],"author":[{"embeddable":true,"href":"https:\/\/zjarr.tv\/en\/wp-json\/wp\/v2\/users\/2013"}],"replies":[{"embeddable":true,"href":"https:\/\/zjarr.tv\/en\/wp-json\/wp\/v2\/comments?post=104412"}],"version-history":[{"count":0,"href":"https:\/\/zjarr.tv\/en\/wp-json\/wp\/v2\/posts\/104412\/revisions"}],"wp:featuredmedia":[{"embeddable":true,"href":"https:\/\/zjarr.tv\/en\/wp-json\/wp\/v2\/media\/104413"}],"wp:attachment":[{"href":"https:\/\/zjarr.tv\/en\/wp-json\/wp\/v2\/media?parent=104412"}],"wp:term":[{"taxonomy":"category","embeddable":true,"href":"https:\/\/zjarr.tv\/en\/wp-json\/wp\/v2\/categories?post=104412"},{"taxonomy":"post_tag","embeddable":true,"href":"https:\/\/zjarr.tv\/en\/wp-json\/wp\/v2\/tags?post=104412"}],"curies":[{"name":"wp","href":"https:\/\/api.w.org\/{rel}","templated":true}]}}