{"id":104418,"date":"2019-09-01T19:40:25","date_gmt":"2019-09-01T17:40:25","guid":{"rendered":"https:\/\/zjarr.tv\/?p=104418"},"modified":"2019-09-01T15:33:15","modified_gmt":"2019-09-01T13:33:15","slug":"aksident-i-frikshem-ne-formula-2-vd-es-piloti-22-vjecar","status":"publish","type":"post","link":"https:\/\/zjarr.tv\/en\/aksident-i-frikshem-ne-formula-2-vd-es-piloti-22-vjecar\/","title":{"rendered":"Aksident i friksh\u00ebm n\u00eb Formula 2, vd.es piloti 22-vje\u00e7ar"},"content":{"rendered":"<p>Nj\u00eb aksident i friksh\u00ebm ndodhi n\u00eb gar\u00ebn e Formula 2 n\u00eb pist\u00ebn Spa Francorchamps n\u00eb Belgjik\u00eb, ku si pasoj\u00eb humbi jet\u00ebn piloti 22-vje\u00e7ar Antoine Hubert.<\/p>\n<p>Aksidenti ndodhi n\u00eb xhiron e dyt\u00eb, pas daljes nga kthesa Eau Rouge, ku makinat e Marino Sato, Anthoine Hubert dhe Juan Manuel Correa u p\u00ebrplas\u00ebn.<\/p>\n<p>Si\u00e7 shihet edhe nga pamjet makina e pilotit francez u nda n\u00eb dy pjes\u00eb.<\/p>\n<p><em>\u00a0\u201cSi pasoj\u00eb e aksidentit, FIA njofton me trishtim se drejtuesi i mjetit num\u00ebr 19, Antoine Hubert, nuk i mbijetoi plag\u00ebve t\u00eb marra dhe nd\u00ebrroi jet\u00eb n\u00eb or\u00ebn 18:35\u201d,<\/em>\u00a0thuhet n\u00eb njoftimin e Federat\u00ebs Nd\u00ebrkomb\u00ebtare t\u00eb Automobilizmit.<\/p>\n<p>Pas aksidentit gara u nd\u00ebrpre.<\/p>","protected":false},"excerpt":{"rendered":"<p>Nj\u00eb aksident i friksh\u00ebm ndodhi n\u00eb gar\u00ebn e Formula 2 n\u00eb pist\u00ebn Spa Francorchamps n\u00eb Belgjik\u00eb, ku si pasoj\u00eb humbi jet\u00ebn piloti 22-vje\u00e7ar Antoine Hubert. Aksidenti ndodhi n\u00eb xhiron e dyt\u00eb, pas daljes nga kthesa Eau Rouge, ku makinat e Marino Sato, Anthoine Hubert dhe Juan Manuel Correa u p\u00ebrplas\u00ebn. Si\u00e7 shihet edhe nga pamjet [&hellip;]<\/p>\n","protected":false},"author":2013,"featured_media":104419,"comment_status":"open","ping_status":"closed","sticky":false,"template":"","format":"standard","meta":{"footnotes":""},"categories":[241,192],"tags":[],"class_list":{"0":"post-104418","1":"post","2":"type-post","3":"status-publish","4":"format-standard","5":"has-post-thumbnail","7":"category-aktualitet","8":"category-sport"},"_links":{"self":[{"href":"https:\/\/zjarr.tv\/en\/wp-json\/wp\/v2\/posts\/104418","targetHints":{"allow":["GET"]}}],"collection":[{"href":"https:\/\/zjarr.tv\/en\/wp-json\/wp\/v2\/posts"}],"about":[{"href":"https:\/\/zjarr.tv\/en\/wp-json\/wp\/v2\/types\/post"}],"author":[{"embeddable":true,"href":"https:\/\/zjarr.tv\/en\/wp-json\/wp\/v2\/users\/2013"}],"replies":[{"embeddable":true,"href":"https:\/\/zjarr.tv\/en\/wp-json\/wp\/v2\/comments?post=104418"}],"version-history":[{"count":0,"href":"https:\/\/zjarr.tv\/en\/wp-json\/wp\/v2\/posts\/104418\/revisions"}],"wp:featuredmedia":[{"embeddable":true,"href":"https:\/\/zjarr.tv\/en\/wp-json\/wp\/v2\/media\/104419"}],"wp:attachment":[{"href":"https:\/\/zjarr.tv\/en\/wp-json\/wp\/v2\/media?parent=104418"}],"wp:term":[{"taxonomy":"category","embeddable":true,"href":"https:\/\/zjarr.tv\/en\/wp-json\/wp\/v2\/categories?post=104418"},{"taxonomy":"post_tag","embeddable":true,"href":"https:\/\/zjarr.tv\/en\/wp-json\/wp\/v2\/tags?post=104418"}],"curies":[{"name":"wp","href":"https:\/\/api.w.org\/{rel}","templated":true}]}}