{"id":104491,"date":"2019-09-01T16:57:21","date_gmt":"2019-09-01T14:57:21","guid":{"rendered":"https:\/\/zjarr.tv\/?p=104491"},"modified":"2019-09-01T16:57:21","modified_gmt":"2019-09-01T14:57:21","slug":"mbyllen-deget-e-mesuesise-ne-universitetin-e-elbasanit-aplikuesit-preferojne-infermierine-rruga-e-sigurte-drejt-gjermanise","status":"publish","type":"post","link":"https:\/\/zjarr.tv\/en\/mbyllen-deget-e-mesuesise-ne-universitetin-e-elbasanit-aplikuesit-preferojne-infermierine-rruga-e-sigurte-drejt-gjermanise\/","title":{"rendered":"Mbyllen deg\u00ebt e m\u00ebsuesis\u00eb n\u00eb Universitetin e Elbasanit\/ Aplikuesit preferojn\u00eb infermierin\u00eb, rruga e sigurt\u00eb drejt Gjermanis\u00eb"},"content":{"rendered":"<div class=\"readmore-text-here\">\n<p>Mesatarja mbi 7.5 e vendosur per maturantet qe duan te aplikojne ne degen e mesuesise i dha goditje t\u00eb r\u00ebnd\u00eb Universitetit t\u00eb Elbasanit &#8220;Aleksand\u00ebr Xhuvani&#8221;. Pas afishimit t\u00eb fituesve t\u00eb k\u00ebtij viti shifrat jan\u00eb tep\u00ebr shqet\u00ebsuese.<\/p>\n<p>Me v\u00ebshtir\u00ebsi u mbush\u00ebn kuotat minimale t\u00eb vitit t\u00eb kaluar ku mesatarja ishte mbi 7, dhe listat e ketij viti, kur mesatarja \u00ebsht\u00eb 7.5, kan\u00eb rezultuar me 30 \u2013 50 % r\u00ebnie t\u00eb numrit t\u00eb aplikant\u00ebve.<\/p>\n<p>Keshtu me shume mundesi do te mbyllen deget e Matematike-Fizikes, Matematike \u2013 Informatikes, Fizikes Kompjuterike, Histori-Gjeografis\u00eb, Gjuh\u00eb-Let\u00ebrsis\u00eb, Filozofi-Socilogjis\u00eb, Edukimit Qytetar, Italishtes, Frengjishtes, Gjermanishtes, Gjeografi dhe Gjuh\u00eb Italiane, Gjuhe shqipe dhe Fr\u00ebnge, Histori dhe Gjuh\u00eb Gjermane, Arsimi Parashkollor, Administrim Biznesi dhe Inxhineri, Ekonomi-Turiz\u00ebm.<\/p>\n<p>Nga parashikimet e k\u00ebtij viti pritet te mbyllen thuajse t\u00eb gjith\u00eb deg\u00ebt e m\u00ebsuesis\u00eb q\u00eb zen\u00eb rreth 50% t\u00eb numrit totat t\u00eb deg\u00ebve.<\/p>\n<p>E vetmja deg\u00eb q\u00eb ka thyer rekord aplikimesh \u00ebsht\u00eb dega e Infermieris\u00eb, ku numri i aplikant\u00ebve \u00ebsht\u00eb mbi 1000.<\/p>\n<p>Shumica e tyre largohen drejt Gjermanis, menj\u00ebher\u00eb pas diplomimit n\u00eb Bacheloir, pasi leht\u00ebsirat e vendit t\u00eb zhvilluar p\u00ebr vizat e pun\u00ebs n\u00eb k\u00ebt\u00eb kategori, jan\u00eb t\u00eb konsiderueshme.<\/p>\n<p>&nbsp;<\/p>\n<p>&nbsp;<\/p>\n<\/div>\n<div id=\"rekl-33\"><\/div>","protected":false},"excerpt":{"rendered":"<p>Mesatarja mbi 7.5 e vendosur per maturantet qe duan te aplikojne ne degen e mesuesise i dha goditje t\u00eb r\u00ebnd\u00eb Universitetit t\u00eb Elbasanit &#8220;Aleksand\u00ebr Xhuvani&#8221;. Pas afishimit t\u00eb fituesve t\u00eb k\u00ebtij viti shifrat jan\u00eb tep\u00ebr shqet\u00ebsuese. Me v\u00ebshtir\u00ebsi u mbush\u00ebn kuotat minimale t\u00eb vitit t\u00eb kaluar ku mesatarja ishte mbi 7, dhe listat e ketij [&hellip;]<\/p>\n","protected":false},"author":2013,"featured_media":104492,"comment_status":"open","ping_status":"closed","sticky":false,"template":"","format":"standard","meta":{"footnotes":""},"categories":[241,235],"tags":[],"class_list":{"0":"post-104491","1":"post","2":"type-post","3":"status-publish","4":"format-standard","5":"has-post-thumbnail","7":"category-aktualitet","8":"category-vendi"},"_links":{"self":[{"href":"https:\/\/zjarr.tv\/en\/wp-json\/wp\/v2\/posts\/104491","targetHints":{"allow":["GET"]}}],"collection":[{"href":"https:\/\/zjarr.tv\/en\/wp-json\/wp\/v2\/posts"}],"about":[{"href":"https:\/\/zjarr.tv\/en\/wp-json\/wp\/v2\/types\/post"}],"author":[{"embeddable":true,"href":"https:\/\/zjarr.tv\/en\/wp-json\/wp\/v2\/users\/2013"}],"replies":[{"embeddable":true,"href":"https:\/\/zjarr.tv\/en\/wp-json\/wp\/v2\/comments?post=104491"}],"version-history":[{"count":0,"href":"https:\/\/zjarr.tv\/en\/wp-json\/wp\/v2\/posts\/104491\/revisions"}],"wp:featuredmedia":[{"embeddable":true,"href":"https:\/\/zjarr.tv\/en\/wp-json\/wp\/v2\/media\/104492"}],"wp:attachment":[{"href":"https:\/\/zjarr.tv\/en\/wp-json\/wp\/v2\/media?parent=104491"}],"wp:term":[{"taxonomy":"category","embeddable":true,"href":"https:\/\/zjarr.tv\/en\/wp-json\/wp\/v2\/categories?post=104491"},{"taxonomy":"post_tag","embeddable":true,"href":"https:\/\/zjarr.tv\/en\/wp-json\/wp\/v2\/tags?post=104491"}],"curies":[{"name":"wp","href":"https:\/\/api.w.org\/{rel}","templated":true}]}}