{"id":104494,"date":"2019-09-01T16:59:25","date_gmt":"2019-09-01T14:59:25","guid":{"rendered":"https:\/\/zjarr.tv\/?p=104494"},"modified":"2019-09-01T16:59:25","modified_gmt":"2019-09-01T14:59:25","slug":"kritika-per-rrugen-e-kombit","status":"publish","type":"post","link":"https:\/\/zjarr.tv\/en\/kritika-per-rrugen-e-kombit\/","title":{"rendered":"Kritika p\u00ebr Rrug\u00ebn e Kombit"},"content":{"rendered":"<p><em>Shoqatat e biznesit ngren\u00eb shqet\u00ebsimin se \u201cRruga e Kombit\u201d nuk plot\u00ebson gjith\u00eb parametrat e siguris\u00eb rrugore. Sipas tyre nj\u00eb prej nyjeve integruese n\u00eb krahun verior t\u00eb segmentit Kuk\u00ebs-Morin\u00eb krijon premisa p\u00ebr aksidente automobilistike.<\/em><\/p>\n<p>Kjo \u00ebsht\u00eb nyja integruese n\u00eb krahun verior t\u00eb segmentit Kuk\u00ebs Morin\u00eb q\u00eb lidh qytetin e Kuk\u00ebsit me rrug\u00ebn e Kombit.<\/p>\n<p>Por, sipas shoqatave t\u00eb biznesit ajo nuk plot\u00ebson parametrat e siguris\u00eb.<\/p>\n<p>Sokol Kolgjini thot\u00eb se kjo nyj\u00eb krijon premisa p\u00ebr aksidente automobilistike,<\/p>\n<p><strong>Kolgjini:<\/strong>\u00a0<em>N\u00eb m\u00ebnyr\u00ebn se si \u00ebsht\u00eb konceptuar dhe nd\u00ebrtuar ajo krijon problematika p\u00ebr nd\u00ebrtuesit e mjeteve sepse i \u00e7on n\u00eb p\u00ebrplasje ballore, q\u00eb \u00ebsht\u00eb pika m\u00eb e rrezikshme e mund\u00ebshme. Shkakton aksidentet q\u00eb e sigurt\u00eb q\u00eb do t\u00eb jen\u00eb me pasoja. Nuk urojm\u00eb q\u00eb t\u00eb jet\u00eb. Problemi i par\u00eb \u00ebsht\u00eb rrezikshm\u00ebria q\u00eb paraqet si nyje, pra zgjidhja q\u00eb \u00ebsht\u00eb b\u00ebr\u00eb teknike q\u00eb ne nuk na duket normale dhe k\u00ebrkojm\u00eb q\u00eb t\u00eb rishikohet.<\/em><\/p>\n<p>Sipas Kolgjinit, kjo rrug\u00eb \u00ebsht\u00eb dhe nj\u00eb arsye p\u00ebr t\u00eb sjell\u00eb sa m\u00eb pak vizitor\u00eb.<\/p>\n<p><strong>Kolgjini:<\/strong>\u00a0<em>Kjo minimizon ndjesh\u00ebm arsyet pse vizitor\u00ebt duhet t\u00eb vijn\u00eb n\u00eb Kuk\u00ebs. Kur kemi parsysh q\u00eb ka nj\u00eb nyje, kush ka tendenc\u00ebn q\u00eb ta shmang\u00eb at\u00eb nyje. Shmangie do t\u00eb thot\u00eb q\u00eb nj\u00eb vizitor q\u00eb ka b\u00ebr\u00eb n\u00eb plan t\u00eb vizitoj\u00eb Kuk\u00ebsin do ta anashkaloj\u00eb k\u00ebt\u00eb dhe nuk do ta vizitoj\u00eb.<\/em><\/p>\n<p>Sokol Kolgjini thot\u00eb se shoqata i ka d\u00ebrguar tanim\u00eb nj\u00eb let\u00ebr Autoritetit Rrugor, Kompanis\u00eb Kon\u00e7ensionare dhe Bashkis\u00eb Kuk\u00ebs, p\u00ebr rishikimin e k\u00ebsaj nyje problematike.<\/p>","protected":false},"excerpt":{"rendered":"<p>Shoqatat e biznesit ngren\u00eb shqet\u00ebsimin se \u201cRruga e Kombit\u201d nuk plot\u00ebson gjith\u00eb parametrat e siguris\u00eb rrugore. Sipas tyre nj\u00eb prej nyjeve integruese n\u00eb krahun verior t\u00eb segmentit Kuk\u00ebs-Morin\u00eb krijon premisa p\u00ebr aksidente automobilistike. Kjo \u00ebsht\u00eb nyja integruese n\u00eb krahun verior t\u00eb segmentit Kuk\u00ebs Morin\u00eb q\u00eb lidh qytetin e Kuk\u00ebsit me rrug\u00ebn e Kombit. Por, sipas [&hellip;]<\/p>\n","protected":false},"author":2013,"featured_media":0,"comment_status":"open","ping_status":"closed","sticky":false,"template":"","format":"standard","meta":{"footnotes":""},"categories":[241,235],"tags":[],"class_list":{"0":"post-104494","1":"post","2":"type-post","3":"status-publish","4":"format-standard","6":"category-aktualitet","7":"category-vendi"},"_links":{"self":[{"href":"https:\/\/zjarr.tv\/en\/wp-json\/wp\/v2\/posts\/104494","targetHints":{"allow":["GET"]}}],"collection":[{"href":"https:\/\/zjarr.tv\/en\/wp-json\/wp\/v2\/posts"}],"about":[{"href":"https:\/\/zjarr.tv\/en\/wp-json\/wp\/v2\/types\/post"}],"author":[{"embeddable":true,"href":"https:\/\/zjarr.tv\/en\/wp-json\/wp\/v2\/users\/2013"}],"replies":[{"embeddable":true,"href":"https:\/\/zjarr.tv\/en\/wp-json\/wp\/v2\/comments?post=104494"}],"version-history":[{"count":0,"href":"https:\/\/zjarr.tv\/en\/wp-json\/wp\/v2\/posts\/104494\/revisions"}],"wp:attachment":[{"href":"https:\/\/zjarr.tv\/en\/wp-json\/wp\/v2\/media?parent=104494"}],"wp:term":[{"taxonomy":"category","embeddable":true,"href":"https:\/\/zjarr.tv\/en\/wp-json\/wp\/v2\/categories?post=104494"},{"taxonomy":"post_tag","embeddable":true,"href":"https:\/\/zjarr.tv\/en\/wp-json\/wp\/v2\/tags?post=104494"}],"curies":[{"name":"wp","href":"https:\/\/api.w.org\/{rel}","templated":true}]}}