{"id":104546,"date":"2019-09-02T14:21:02","date_gmt":"2019-09-02T12:21:02","guid":{"rendered":"https:\/\/zjarr.tv\/?p=104546"},"modified":"2019-09-02T14:21:02","modified_gmt":"2019-09-02T12:21:02","slug":"kenaqesi-te-rikthehesha-ne-varshave-pas-18-vitesh","status":"publish","type":"post","link":"https:\/\/zjarr.tv\/en\/kenaqesi-te-rikthehesha-ne-varshave-pas-18-vitesh\/","title":{"rendered":"&#8216;K\u00ebnaq\u00ebsi t\u00eb rikthehesha n\u00eb Varshav\u00eb pas 18 vitesh!&#8217;"},"content":{"rendered":"<p>Presidenti Ilir Meta ka dh\u00ebn\u00eb p\u00ebrshtypjet e tij sot p\u00ebr vizit\u00ebn q\u00eb b\u00ebri n\u00eb Poloni, i ftuar n\u00eb ceremonin\u00eb e 80-vjetorit t\u00eb fillimit t\u00eb Luft\u00ebs s\u00eb Dyt\u00eb Bot\u00ebrore.<\/p>\n<p>\u201cK\u00ebnaq\u00ebsi t\u00eb rikthehesha n\u00eb Varshav\u00eb pas 18 vitesh. Ky qytet \u00ebsht\u00eb d\u00ebshmia m\u00eb e fort\u00eb e vitalitetit t\u00eb nj\u00eb kombi t\u00eb paepur p\u00ebr liri dhe dinjitet komb\u00ebtar, &#8211; shkruan Meta.<\/p>\n<p>80 vite m\u00eb par\u00eb filloi nj\u00eb luft\u00eb barbare q\u00eb e ktheu n\u00eb rr\u00ebnoj\u00eb totale nj\u00eb nga qytetet m\u00eb t\u00eb bukura t\u00eb kontinentit. Por p\u00ebrs\u00ebri Varshava \u00ebsht\u00eb nj\u00eb kryeqytet impresionues q\u00eb nuk ndalet s\u00eb zhvilluari.<\/p>\n<p>Krenar p\u00ebr marr\u00ebdh\u00ebniet tona t\u00eb shk\u00eblqyera n\u00eb t\u00eb gjitha fushat dhe mir\u00ebnjohje e ve\u00e7ant\u00eb p\u00ebr turist\u00ebt polak\u00eb, t\u00eb cil\u00ebt vijn\u00eb duke u shtuar \u00e7do vit n\u00eb brigjet dhe malet tona.\u201d<\/p>\n<p>Presidenti Meta shkoi n\u00eb Poloni t\u00eb diel\u00ebn p\u00ebr t\u00eb marr\u00eb pjes\u00eb n\u00eb \u00a0ceremonin\u00eb e 80-vjetorit t\u00eb fillimit t\u00eb Luft\u00ebs s\u00eb Dyt\u00eb Bot\u00ebrore, i ftuar nga Presidenti i Polonis\u00eb, z. Andrzej Duda.<\/p>","protected":false},"excerpt":{"rendered":"<p>Presidenti Ilir Meta ka dh\u00ebn\u00eb p\u00ebrshtypjet e tij sot p\u00ebr vizit\u00ebn q\u00eb b\u00ebri n\u00eb Poloni, i ftuar n\u00eb ceremonin\u00eb e 80-vjetorit t\u00eb fillimit t\u00eb Luft\u00ebs s\u00eb Dyt\u00eb Bot\u00ebrore. \u201cK\u00ebnaq\u00ebsi t\u00eb rikthehesha n\u00eb Varshav\u00eb pas 18 vitesh. Ky qytet \u00ebsht\u00eb d\u00ebshmia m\u00eb e fort\u00eb e vitalitetit t\u00eb nj\u00eb kombi t\u00eb paepur p\u00ebr liri dhe dinjitet komb\u00ebtar, [&hellip;]<\/p>\n","protected":false},"author":2013,"featured_media":104548,"comment_status":"open","ping_status":"closed","sticky":false,"template":"","format":"standard","meta":{"footnotes":""},"categories":[241,235],"tags":[],"class_list":{"0":"post-104546","1":"post","2":"type-post","3":"status-publish","4":"format-standard","5":"has-post-thumbnail","7":"category-aktualitet","8":"category-vendi"},"_links":{"self":[{"href":"https:\/\/zjarr.tv\/en\/wp-json\/wp\/v2\/posts\/104546","targetHints":{"allow":["GET"]}}],"collection":[{"href":"https:\/\/zjarr.tv\/en\/wp-json\/wp\/v2\/posts"}],"about":[{"href":"https:\/\/zjarr.tv\/en\/wp-json\/wp\/v2\/types\/post"}],"author":[{"embeddable":true,"href":"https:\/\/zjarr.tv\/en\/wp-json\/wp\/v2\/users\/2013"}],"replies":[{"embeddable":true,"href":"https:\/\/zjarr.tv\/en\/wp-json\/wp\/v2\/comments?post=104546"}],"version-history":[{"count":0,"href":"https:\/\/zjarr.tv\/en\/wp-json\/wp\/v2\/posts\/104546\/revisions"}],"wp:featuredmedia":[{"embeddable":true,"href":"https:\/\/zjarr.tv\/en\/wp-json\/wp\/v2\/media\/104548"}],"wp:attachment":[{"href":"https:\/\/zjarr.tv\/en\/wp-json\/wp\/v2\/media?parent=104546"}],"wp:term":[{"taxonomy":"category","embeddable":true,"href":"https:\/\/zjarr.tv\/en\/wp-json\/wp\/v2\/categories?post=104546"},{"taxonomy":"post_tag","embeddable":true,"href":"https:\/\/zjarr.tv\/en\/wp-json\/wp\/v2\/tags?post=104546"}],"curies":[{"name":"wp","href":"https:\/\/api.w.org\/{rel}","templated":true}]}}