{"id":104551,"date":"2019-09-02T14:22:45","date_gmt":"2019-09-02T12:22:45","guid":{"rendered":"https:\/\/zjarr.tv\/?p=104551"},"modified":"2019-09-02T14:22:45","modified_gmt":"2019-09-02T12:22:45","slug":"aksident-ne-thumane-perplasje-e-forte-mes-dy-makinave-ka-te-plagosur","status":"publish","type":"post","link":"https:\/\/zjarr.tv\/en\/aksident-ne-thumane-perplasje-e-forte-mes-dy-makinave-ka-te-plagosur\/","title":{"rendered":"Aksident n\u00eb Thuman\u00eb, p\u00ebrplasje e fort\u00eb mes dy makinave, ka t\u00eb plagosur"},"content":{"rendered":"<p>Nj\u00eb aksident i r\u00ebnd\u00eb ka ndodhur n\u00eb Thuman\u00eb pak minuta m\u00eb par\u00eb. Dy automjete jan\u00eb p\u00ebrplasur me nj\u00ebra-tjetr\u00ebn e p\u00ebr pasoj\u00eb kan\u00eb mbetur t\u00eb plagosur dy persona.<\/p>\n<p>Nuk dihet ende gjendja e tyre, nd\u00ebrsa n\u00eb videon e siguruar nga LSA, shihet se ata po marrin ndihm\u00eb nga kalimtar\u00ebt e rastit.<\/p>\n<p>D\u00ebmtimi n\u00eb makinat e p\u00ebrplasura \u00ebsht\u00eb i madh, \u00e7ka tregon se p\u00ebrplasja ka qen\u00eb e fort\u00eb. Policia ka shkuar n\u00eb vendin e ngjarjes dhe po punon p\u00ebr zbardhjen e rrethanave.<\/p>","protected":false},"excerpt":{"rendered":"<p>Nj\u00eb aksident i r\u00ebnd\u00eb ka ndodhur n\u00eb Thuman\u00eb pak minuta m\u00eb par\u00eb. Dy automjete jan\u00eb p\u00ebrplasur me nj\u00ebra-tjetr\u00ebn e p\u00ebr pasoj\u00eb kan\u00eb mbetur t\u00eb plagosur dy persona. Nuk dihet ende gjendja e tyre, nd\u00ebrsa n\u00eb videon e siguruar nga LSA, shihet se ata po marrin ndihm\u00eb nga kalimtar\u00ebt e rastit. D\u00ebmtimi n\u00eb makinat e p\u00ebrplasura [&hellip;]<\/p>\n","protected":false},"author":2013,"featured_media":80094,"comment_status":"open","ping_status":"closed","sticky":false,"template":"","format":"standard","meta":{"footnotes":""},"categories":[241,235],"tags":[],"class_list":{"0":"post-104551","1":"post","2":"type-post","3":"status-publish","4":"format-standard","5":"has-post-thumbnail","7":"category-aktualitet","8":"category-vendi"},"_links":{"self":[{"href":"https:\/\/zjarr.tv\/en\/wp-json\/wp\/v2\/posts\/104551","targetHints":{"allow":["GET"]}}],"collection":[{"href":"https:\/\/zjarr.tv\/en\/wp-json\/wp\/v2\/posts"}],"about":[{"href":"https:\/\/zjarr.tv\/en\/wp-json\/wp\/v2\/types\/post"}],"author":[{"embeddable":true,"href":"https:\/\/zjarr.tv\/en\/wp-json\/wp\/v2\/users\/2013"}],"replies":[{"embeddable":true,"href":"https:\/\/zjarr.tv\/en\/wp-json\/wp\/v2\/comments?post=104551"}],"version-history":[{"count":0,"href":"https:\/\/zjarr.tv\/en\/wp-json\/wp\/v2\/posts\/104551\/revisions"}],"wp:featuredmedia":[{"embeddable":true,"href":"https:\/\/zjarr.tv\/en\/wp-json\/wp\/v2\/media\/80094"}],"wp:attachment":[{"href":"https:\/\/zjarr.tv\/en\/wp-json\/wp\/v2\/media?parent=104551"}],"wp:term":[{"taxonomy":"category","embeddable":true,"href":"https:\/\/zjarr.tv\/en\/wp-json\/wp\/v2\/categories?post=104551"},{"taxonomy":"post_tag","embeddable":true,"href":"https:\/\/zjarr.tv\/en\/wp-json\/wp\/v2\/tags?post=104551"}],"curies":[{"name":"wp","href":"https:\/\/api.w.org\/{rel}","templated":true}]}}