{"id":104556,"date":"2019-09-02T14:39:33","date_gmt":"2019-09-02T12:39:33","guid":{"rendered":"https:\/\/zjarr.tv\/?p=104556"},"modified":"2019-09-02T14:39:33","modified_gmt":"2019-09-02T12:39:33","slug":"kuvend-nis-punen-me-perplasjet-me-presidentin-do-jete-shtator-i-ngjeshur","status":"publish","type":"post","link":"https:\/\/zjarr.tv\/en\/kuvend-nis-punen-me-perplasjet-me-presidentin-do-jete-shtator-i-ngjeshur\/","title":{"rendered":"Kuvend nis pun\u00ebn me p\u00ebrplasjet me presidentin, do jet\u00eb shtator i ngjeshur"},"content":{"rendered":"<p>P\u00ebrplasjet me presidentin do t\u00eb jen\u00eb temat kryesore t\u00eb debatit n\u00eb parlament n\u00eb k\u00ebt\u00eb shtator.<\/p>\n<p>Konferenca e \u00a0kryetar\u00ebve e mbledhur sot p\u00ebr her\u00eb t\u00eb par\u00eb p\u00ebr k\u00ebt\u00eb sesion parlamentar do t\u00eb diskutoj\u00eb m\u00eb 12 shtator dekretet e presidentit Ilir Meta i cili ktheu p\u00ebr rishqyrtim n\u00eb kuvend 9 pr\/ligje.<\/p>\n<p>B\u00ebhet e ditur se m\u00eb 19 shtator do t\u00eb jet\u00eb seanca e fundit e diskutimeve t\u00eb dekreteve t\u00eb kreut t\u00eb shtetit dhe me shum\u00eb gjasa, do t\u00eb votohet kund\u00ebr.<\/p>\n<p>Nd\u00ebr \u00e7\u00ebshtjet m\u00eb t\u00eb debatuara q\u00eb jan\u00eb kthyer p\u00ebr rishqyrtim, jan\u00eb Kodi Penal dhe pr\/ligje q\u00eb kan\u00eb t\u00eb b\u00ebjn\u00eb me kontrata koncesionare t\u00eb PPP. Me nisjen e sesionit t\u00eb ri parlamentar do t\u00eb nis\u00eb pun\u00ebn dhe komisioni hetimor p\u00ebr shkarkimin e \u00a0presidentit Meta. P\u00ebr k\u00ebt\u00eb \u00e7\u00ebshtje n\u00eb Tiran\u00eb pritet t\u00eb mb\u00ebrrijn\u00eb dhe p\u00ebrfaq\u00ebsues t\u00eb Komisionit t\u00eb Venecias.<\/p>\n<p>Burimet kan\u00eb b\u00ebr\u00eb t\u00eb ditur se delegacioni do t\u00eb ket\u00eb takime me presidentin por dhe \u00a0me p\u00ebrfaq\u00ebsuesit e komisionit hetimor.<\/p>\n<p>Mazhoranca k\u00ebrkoi shkarkimin e presidentit pas zhdekretimit t\u00eb \u00a0zgjedhjeve t\u00eb 30 qershorit. PS e quajti antikushtetues nj\u00eb vendim t\u00eb till\u00eb.<\/p>\n<p>Nd\u00ebrsa p\u00ebr opoziten protestat do t\u00eb jen\u00eb s\u00ebrish arma e fort\u00eb q\u00eb pritet t\u00eb p\u00ebrdor\u00eb opozita p\u00ebr largimin \u00a0qeveris\u00eb, nd\u00ebrsa paralelisht do t\u00eb parashtrohet edhe oferta e opozit\u00ebs p\u00ebr nes\u00ebr n\u00eb qeveri.<\/p>","protected":false},"excerpt":{"rendered":"<p>P\u00ebrplasjet me presidentin do t\u00eb jen\u00eb temat kryesore t\u00eb debatit n\u00eb parlament n\u00eb k\u00ebt\u00eb shtator. Konferenca e \u00a0kryetar\u00ebve e mbledhur sot p\u00ebr her\u00eb t\u00eb par\u00eb p\u00ebr k\u00ebt\u00eb sesion parlamentar do t\u00eb diskutoj\u00eb m\u00eb 12 shtator dekretet e presidentit Ilir Meta i cili ktheu p\u00ebr rishqyrtim n\u00eb kuvend 9 pr\/ligje. B\u00ebhet e ditur se m\u00eb 19 [&hellip;]<\/p>\n","protected":false},"author":2013,"featured_media":61898,"comment_status":"open","ping_status":"closed","sticky":false,"template":"","format":"standard","meta":{"footnotes":""},"categories":[241,235],"tags":[],"class_list":{"0":"post-104556","1":"post","2":"type-post","3":"status-publish","4":"format-standard","5":"has-post-thumbnail","7":"category-aktualitet","8":"category-vendi"},"_links":{"self":[{"href":"https:\/\/zjarr.tv\/en\/wp-json\/wp\/v2\/posts\/104556","targetHints":{"allow":["GET"]}}],"collection":[{"href":"https:\/\/zjarr.tv\/en\/wp-json\/wp\/v2\/posts"}],"about":[{"href":"https:\/\/zjarr.tv\/en\/wp-json\/wp\/v2\/types\/post"}],"author":[{"embeddable":true,"href":"https:\/\/zjarr.tv\/en\/wp-json\/wp\/v2\/users\/2013"}],"replies":[{"embeddable":true,"href":"https:\/\/zjarr.tv\/en\/wp-json\/wp\/v2\/comments?post=104556"}],"version-history":[{"count":0,"href":"https:\/\/zjarr.tv\/en\/wp-json\/wp\/v2\/posts\/104556\/revisions"}],"wp:featuredmedia":[{"embeddable":true,"href":"https:\/\/zjarr.tv\/en\/wp-json\/wp\/v2\/media\/61898"}],"wp:attachment":[{"href":"https:\/\/zjarr.tv\/en\/wp-json\/wp\/v2\/media?parent=104556"}],"wp:term":[{"taxonomy":"category","embeddable":true,"href":"https:\/\/zjarr.tv\/en\/wp-json\/wp\/v2\/categories?post=104556"},{"taxonomy":"post_tag","embeddable":true,"href":"https:\/\/zjarr.tv\/en\/wp-json\/wp\/v2\/tags?post=104556"}],"curies":[{"name":"wp","href":"https:\/\/api.w.org\/{rel}","templated":true}]}}