{"id":104565,"date":"2019-09-02T14:41:25","date_gmt":"2019-09-02T12:41:25","guid":{"rendered":"https:\/\/zjarr.tv\/?p=104565"},"modified":"2019-09-02T14:41:25","modified_gmt":"2019-09-02T12:41:25","slug":"fsk-ja-merr-pjese-ne-kampin-nderkombetar-te-nenoficereve-ne-kroaci","status":"publish","type":"post","link":"https:\/\/zjarr.tv\/en\/fsk-ja-merr-pjese-ne-kampin-nderkombetar-te-nenoficereve-ne-kroaci\/","title":{"rendered":"FSK-ja merr pjes\u00eb n\u00eb kampin nd\u00ebrkomb\u00ebtar t\u00eb n\u00ebnoficer\u00ebve, n\u00eb Kroaci"},"content":{"rendered":"<p><strong>Kampi veror nd\u00ebrkomb\u00ebtar i n\u00ebnoficer\u00ebve, q\u00eb ka filluar m\u00eb 29 gusht dhe do t\u00eb p\u00ebrfundoj\u00eb m\u00eb 6 shtator 2019, k\u00ebt\u00eb vit po mbahet n\u00eb Kroaci. Pjes\u00ebmarr\u00ebs n\u00eb k\u00ebt\u00eb kamp jan\u00eb ushtarak\u00ebt nga\u00a0\u00a0 vendet e NATO-s\u00a0 dhe\u00a0 nga vendet partnere.\u00a0<\/strong><\/p>\n<p>Q\u00ebllimi i kampit \u00ebsht\u00eb q\u00eb t\u00eb p\u00ebrgatit\u00ebn n\u00ebnoficer\u00ebt e lart\u00eb me shkatht\u00ebsi t\u00eb udh\u00ebheqjes dhe\u00a0 funksioni i tyre n\u00eb operacione nd\u00ebrkomb\u00ebtare.<\/p>\n<p>K\u00ebt\u00eb vit FSK-ja po merr pjes\u00eb me dy n\u00ebnoficer\u00eb: kapter Xhevat Llumnica dhe kapter Shpresa Gashi.<\/p>\n<p>Nd\u00ebrkaq, rreshtermajori i FSK-s\u00eb, Genc Metaj, mori pjes\u00eb n\u00eb cil\u00ebsin\u00eb e ligj\u00ebruesit, i cili m\u00eb\u00a0 30 gusht 2019 ka ligj\u00ebruar tem\u00ebn: \u201eUdh\u00ebheqja dhe sfidat n\u00eb\u00a0udh\u00ebheqjen transformuese\u201c.<\/p>\n<p>Ky \u00ebsht\u00eb viti i kat\u00ebrt\u00a0me radh\u00eb q\u00eb FSK-ja merr pjes\u00eb n\u00eb k\u00ebt\u00eb ngjarje t\u00eb r\u00ebnd\u00ebsishme nd\u00ebrkomb\u00ebtare.<\/p>","protected":false},"excerpt":{"rendered":"<p>Kampi veror nd\u00ebrkomb\u00ebtar i n\u00ebnoficer\u00ebve, q\u00eb ka filluar m\u00eb 29 gusht dhe do t\u00eb p\u00ebrfundoj\u00eb m\u00eb 6 shtator 2019, k\u00ebt\u00eb vit po mbahet n\u00eb Kroaci. Pjes\u00ebmarr\u00ebs n\u00eb k\u00ebt\u00eb kamp jan\u00eb ushtarak\u00ebt nga\u00a0\u00a0 vendet e NATO-s\u00a0 dhe\u00a0 nga vendet partnere.\u00a0 Q\u00ebllimi i kampit \u00ebsht\u00eb q\u00eb t\u00eb p\u00ebrgatit\u00ebn n\u00ebnoficer\u00ebt e lart\u00eb me shkatht\u00ebsi t\u00eb udh\u00ebheqjes dhe\u00a0 funksioni [&hellip;]<\/p>\n","protected":false},"author":2013,"featured_media":104566,"comment_status":"open","ping_status":"closed","sticky":false,"template":"","format":"standard","meta":{"footnotes":""},"categories":[241,2],"tags":[],"class_list":{"0":"post-104565","1":"post","2":"type-post","3":"status-publish","4":"format-standard","5":"has-post-thumbnail","7":"category-aktualitet","8":"category-rajoni"},"_links":{"self":[{"href":"https:\/\/zjarr.tv\/en\/wp-json\/wp\/v2\/posts\/104565","targetHints":{"allow":["GET"]}}],"collection":[{"href":"https:\/\/zjarr.tv\/en\/wp-json\/wp\/v2\/posts"}],"about":[{"href":"https:\/\/zjarr.tv\/en\/wp-json\/wp\/v2\/types\/post"}],"author":[{"embeddable":true,"href":"https:\/\/zjarr.tv\/en\/wp-json\/wp\/v2\/users\/2013"}],"replies":[{"embeddable":true,"href":"https:\/\/zjarr.tv\/en\/wp-json\/wp\/v2\/comments?post=104565"}],"version-history":[{"count":0,"href":"https:\/\/zjarr.tv\/en\/wp-json\/wp\/v2\/posts\/104565\/revisions"}],"wp:featuredmedia":[{"embeddable":true,"href":"https:\/\/zjarr.tv\/en\/wp-json\/wp\/v2\/media\/104566"}],"wp:attachment":[{"href":"https:\/\/zjarr.tv\/en\/wp-json\/wp\/v2\/media?parent=104565"}],"wp:term":[{"taxonomy":"category","embeddable":true,"href":"https:\/\/zjarr.tv\/en\/wp-json\/wp\/v2\/categories?post=104565"},{"taxonomy":"post_tag","embeddable":true,"href":"https:\/\/zjarr.tv\/en\/wp-json\/wp\/v2\/tags?post=104565"}],"curies":[{"name":"wp","href":"https:\/\/api.w.org\/{rel}","templated":true}]}}