{"id":104568,"date":"2019-09-02T14:48:58","date_gmt":"2019-09-02T12:48:58","guid":{"rendered":"https:\/\/zjarr.tv\/?p=104568"},"modified":"2019-09-02T14:48:58","modified_gmt":"2019-09-02T12:48:58","slug":"koha-te-tregohemi-te-mencur-mogherini-integrimi-i-ballkanit-ne-dobi-te-te-gjitheve","status":"publish","type":"post","link":"https:\/\/zjarr.tv\/en\/koha-te-tregohemi-te-mencur-mogherini-integrimi-i-ballkanit-ne-dobi-te-te-gjitheve\/","title":{"rendered":"\u201cKoha t\u00eb tregohemi t\u00eb men\u00e7ur\u201d, Mogherini: Integrimi i Ballkanit n\u00eb dobi t\u00eb t\u00eb gjith\u00ebve"},"content":{"rendered":"<p>P\u00ebrfaq\u00ebsuesja e lart\u00eb p\u00ebr politik\u00eb t\u00eb jashtme dhe siguri, Federica Mogherini n\u00eb BE, ka mbajtur fjal\u00ebn e fundit n\u00eb konferenc\u00ebn e ambasador\u00ebve t\u00eb Bashkimit Evropian. Gjat\u00eb fjal\u00ebs s\u00eb saj, ajo \u00ebsht\u00eb shprehur se ekziston interes i qart\u00eb p\u00ebr ta sjell\u00eb t\u00eb gjith\u00eb Ballkanin n\u00eb Bashkimin Evropian.<\/p>\n<p>\u201cKemi interes t\u00eb qart\u00eb ta sjellim t\u00eb gjith\u00eb Ballkanin brenda bashkimit Evropian dhe t\u00eb gjith\u00eb e dim\u00eb q\u00eb b\u00ebhet fjal\u00eb p\u00ebr nj\u00eb proces t\u00eb gjat\u00eb dhe t\u00eb komplikuar. Do t\u00eb na duhet t\u00eb zgjidhim shum\u00eb probleme, duhet angazhimi politik nga t\u00eb gjitha pal\u00ebt, kurajo dhe lidership. Nga zgjerimi nuk do t\u00eb p\u00ebrfitoj\u00eb vet\u00ebm Ballkani por t\u00eb gjith\u00eb ne, pasi edhe ne kemi nevoj\u00eb p\u00ebr t\u00eb. Nuk b\u00ebhet fjal\u00eb vet\u00ebm p\u00ebr zgjerim por p\u00ebr unifikin t\u00eb t\u00eb gjith\u00eb Evrop\u00ebs\u201d.<\/p>\n<div id=\"videoad\"><\/div>\n<p>Mogherini theksoi se \u00ebsht\u00eb koha t\u00eb tregohemi t\u00eb zgjuar dhe t\u00eb nd\u00ebrmarrim hapat e m\u00ebtejsh\u00ebm drejt unifikimit t\u00eb familjes son\u00eb europiane. \u201cN\u00ebse nuk e b\u00ebjm\u00eb k\u00ebt\u00eb, jam e sigurt q\u00eb do t\u00eb pendohemi\u201d-p\u00ebrfundoi ajo.<\/p>","protected":false},"excerpt":{"rendered":"<p>P\u00ebrfaq\u00ebsuesja e lart\u00eb p\u00ebr politik\u00eb t\u00eb jashtme dhe siguri, Federica Mogherini n\u00eb BE, ka mbajtur fjal\u00ebn e fundit n\u00eb konferenc\u00ebn e ambasador\u00ebve t\u00eb Bashkimit Evropian. Gjat\u00eb fjal\u00ebs s\u00eb saj, ajo \u00ebsht\u00eb shprehur se ekziston interes i qart\u00eb p\u00ebr ta sjell\u00eb t\u00eb gjith\u00eb Ballkanin n\u00eb Bashkimin Evropian. \u201cKemi interes t\u00eb qart\u00eb ta sjellim t\u00eb gjith\u00eb Ballkanin [&hellip;]<\/p>\n","protected":false},"author":2013,"featured_media":51888,"comment_status":"open","ping_status":"closed","sticky":false,"template":"","format":"standard","meta":{"footnotes":""},"categories":[241,235],"tags":[],"class_list":{"0":"post-104568","1":"post","2":"type-post","3":"status-publish","4":"format-standard","5":"has-post-thumbnail","7":"category-aktualitet","8":"category-vendi"},"_links":{"self":[{"href":"https:\/\/zjarr.tv\/en\/wp-json\/wp\/v2\/posts\/104568","targetHints":{"allow":["GET"]}}],"collection":[{"href":"https:\/\/zjarr.tv\/en\/wp-json\/wp\/v2\/posts"}],"about":[{"href":"https:\/\/zjarr.tv\/en\/wp-json\/wp\/v2\/types\/post"}],"author":[{"embeddable":true,"href":"https:\/\/zjarr.tv\/en\/wp-json\/wp\/v2\/users\/2013"}],"replies":[{"embeddable":true,"href":"https:\/\/zjarr.tv\/en\/wp-json\/wp\/v2\/comments?post=104568"}],"version-history":[{"count":0,"href":"https:\/\/zjarr.tv\/en\/wp-json\/wp\/v2\/posts\/104568\/revisions"}],"wp:featuredmedia":[{"embeddable":true,"href":"https:\/\/zjarr.tv\/en\/wp-json\/wp\/v2\/media\/51888"}],"wp:attachment":[{"href":"https:\/\/zjarr.tv\/en\/wp-json\/wp\/v2\/media?parent=104568"}],"wp:term":[{"taxonomy":"category","embeddable":true,"href":"https:\/\/zjarr.tv\/en\/wp-json\/wp\/v2\/categories?post=104568"},{"taxonomy":"post_tag","embeddable":true,"href":"https:\/\/zjarr.tv\/en\/wp-json\/wp\/v2\/tags?post=104568"}],"curies":[{"name":"wp","href":"https:\/\/api.w.org\/{rel}","templated":true}]}}