{"id":104761,"date":"2019-09-03T20:15:54","date_gmt":"2019-09-03T18:15:54","guid":{"rendered":"https:\/\/zjarr.tv\/?p=104761"},"modified":"2019-09-03T16:06:08","modified_gmt":"2019-09-03T14:06:08","slug":"ishte-kthyer-nga-siria-gruaja-denohet-me-2-vjet-e-gjysme-burg-me-kusht","status":"publish","type":"post","link":"https:\/\/zjarr.tv\/en\/ishte-kthyer-nga-siria-gruaja-denohet-me-2-vjet-e-gjysme-burg-me-kusht\/","title":{"rendered":"Ishte kthyer nga Siria, gruaja d\u00ebnohet me 2 vjet e gjysm\u00eb burg me kusht"},"content":{"rendered":"<p>Gjykata Themelore n\u00eb Prishtin\u00eb ka shpallur fajtore p\u00ebr vepr\u00ebn penale \u201corganizim dhe pjes\u00ebmarrje n\u00eb grup terrorist\u201d Merita Aliun, e cila \u00ebsht\u00eb nj\u00ebra prej grave t\u00eb kthyera nga Siria n\u00eb Kosov\u00eb n\u00eb muajin prill t\u00eb k\u00ebtij viti. Ajo u d\u00ebnua me 2 vjet e gjysm\u00eb burgim me kusht.<\/p>\n<p>\u201c\u00cbsht\u00eb d\u00ebnuar me d\u00ebnim me kusht prej dy vjet\u00ebsh e gjysm\u00eb, pra n\u00eb periudh\u00ebn tjet\u00ebr trevje\u00e7are t\u00eb mos kryej\u00eb ndonj\u00eb vep\u00ebr tjet\u00ebr penale\u201d, tha avokatja mbrojt\u00ebse, Leonora Dervishaj \u2013 Pacolli.<\/p>\n<p>Pas kthimit n\u00eb Kosov\u00eb, Aliu e ka pranuar faj\u00ebsin\u00eb dhe ka th\u00ebn\u00eb se \u00ebsht\u00eb penduar q\u00eb ka shkuar n\u00eb Siri. \u201cEdhe n\u00eb intervist\u00ebn e par\u00eb q\u00eb e ka pasur, edhe n\u00eb gjykat\u00eb, nga fillimi \u00ebsht\u00eb shprehur e penduar q\u00eb ka shkuar atje\u201d, tha p\u00ebr Radio Evropa e Lir\u00eb avokatja Leonora Dervishaj \u2013 Pacolli.<\/p>\n<p>Aliu, si dhe grat\u00eb e tjera t\u00eb kthyera nga Siria, kan\u00eb shkuar n\u00eb periudha t\u00eb ndryshme atje dhe kan\u00eb q\u00ebndruar derisa institucionet e Kosov\u00ebs kan\u00eb organizuar nj\u00eb operacion t\u00eb koordinuar me akter\u00eb nd\u00ebrkomb\u00ebtar\u00eb p\u00ebr kthimin e tyre. N\u00eb muajin prill t\u00eb k\u00ebtij viti, institucionet e Kosov\u00ebs kthyen n\u00eb Kosov\u00eb 110 kosovar\u00eb, duke p\u00ebrfshir\u00eb, 4 luft\u00ebtar\u00eb, 32 gra dhe 74 f\u00ebmij\u00eb.<\/p>\n<p>Pas arritjes n\u00eb territorin e Kosov\u00ebs, kat\u00ebr luft\u00ebtar\u00ebt e huaj u arrestuan menj\u00ebher\u00eb nd\u00ebrkoh\u00eb q\u00eb ndaj t\u00eb 32 grave filluan hetimet. Pas marrjes n\u00eb pyetje, atyre iu caktua masa e arrestit sht\u00ebpiak. Nd\u00ebrsa, disa nga 74 f\u00ebmij\u00ebt, t\u00eb h\u00ebn\u00ebn, m\u00eb 2 shtator, filluan m\u00ebsimin n\u00eb institucione t\u00eb rregullta shkollore.\u00a0<strong>\/Rel\/<\/strong><\/p>\n<div id=\"videoad\"><\/div>","protected":false},"excerpt":{"rendered":"<p>Gjykata Themelore n\u00eb Prishtin\u00eb ka shpallur fajtore p\u00ebr vepr\u00ebn penale \u201corganizim dhe pjes\u00ebmarrje n\u00eb grup terrorist\u201d Merita Aliun, e cila \u00ebsht\u00eb nj\u00ebra prej grave t\u00eb kthyera nga Siria n\u00eb Kosov\u00eb n\u00eb muajin prill t\u00eb k\u00ebtij viti. Ajo u d\u00ebnua me 2 vjet e gjysm\u00eb burgim me kusht. \u201c\u00cbsht\u00eb d\u00ebnuar me d\u00ebnim me kusht prej dy [&hellip;]<\/p>\n","protected":false},"author":4,"featured_media":104762,"comment_status":"open","ping_status":"closed","sticky":false,"template":"","format":"standard","meta":{"footnotes":""},"categories":[241,231,2],"tags":[],"class_list":{"0":"post-104761","1":"post","2":"type-post","3":"status-publish","4":"format-standard","5":"has-post-thumbnail","7":"category-aktualitet","8":"category-lajme","9":"category-rajoni"},"_links":{"self":[{"href":"https:\/\/zjarr.tv\/en\/wp-json\/wp\/v2\/posts\/104761","targetHints":{"allow":["GET"]}}],"collection":[{"href":"https:\/\/zjarr.tv\/en\/wp-json\/wp\/v2\/posts"}],"about":[{"href":"https:\/\/zjarr.tv\/en\/wp-json\/wp\/v2\/types\/post"}],"author":[{"embeddable":true,"href":"https:\/\/zjarr.tv\/en\/wp-json\/wp\/v2\/users\/4"}],"replies":[{"embeddable":true,"href":"https:\/\/zjarr.tv\/en\/wp-json\/wp\/v2\/comments?post=104761"}],"version-history":[{"count":0,"href":"https:\/\/zjarr.tv\/en\/wp-json\/wp\/v2\/posts\/104761\/revisions"}],"wp:featuredmedia":[{"embeddable":true,"href":"https:\/\/zjarr.tv\/en\/wp-json\/wp\/v2\/media\/104762"}],"wp:attachment":[{"href":"https:\/\/zjarr.tv\/en\/wp-json\/wp\/v2\/media?parent=104761"}],"wp:term":[{"taxonomy":"category","embeddable":true,"href":"https:\/\/zjarr.tv\/en\/wp-json\/wp\/v2\/categories?post=104761"},{"taxonomy":"post_tag","embeddable":true,"href":"https:\/\/zjarr.tv\/en\/wp-json\/wp\/v2\/tags?post=104761"}],"curies":[{"name":"wp","href":"https:\/\/api.w.org\/{rel}","templated":true}]}}