{"id":104764,"date":"2019-09-03T20:45:34","date_gmt":"2019-09-03T18:45:34","guid":{"rendered":"https:\/\/zjarr.tv\/?p=104764"},"modified":"2019-09-03T16:09:13","modified_gmt":"2019-09-03T14:09:13","slug":"luana-vjollca-mbush-28-vjece-pamje-nga-festa-madheshtore-e-moderatores","status":"publish","type":"post","link":"https:\/\/zjarr.tv\/en\/luana-vjollca-mbush-28-vjece-pamje-nga-festa-madheshtore-e-moderatores\/","title":{"rendered":"Luana Vjollca mbush 28 vje\u00e7e, pamje nga festa madh\u00ebshtore e moderatores"},"content":{"rendered":"<p>Pasi mbylli me sukses nj\u00eb sezon t\u00eb mbar\u00eb me \u201cShiko kush luan\u201d dhe pasi kaloi nj\u00eb ver\u00eb t\u00eb nxeht\u00eb me pushime dhe me koncerte, Luana Vjollca \u00ebsht\u00eb gati dhe me energji t\u00eb reja p\u00ebr t\u2019ia nisur nga e para.<\/p>\n<p>Dit\u00ebn e djeshme k\u00ebng\u00ebtarja dhe moderatorja ka festuar 28-vjetorin e saj.Mbr\u00ebmja ka qen\u00eb v\u00ebrtet\u00eb speciale p\u00ebr t\u00eb. Festa madh\u00ebshtore isjte organizuar n\u00eb breg t\u00eb detit n\u00eb Dh\u00ebrmi.<\/p>\n<p><a href=\"https:\/\/zjarr.tv\/wp-content\/uploads\/2019\/09\/Untitled-4.png\"><img loading=\"lazy\" decoding=\"async\" class=\"alignnone size-full wp-image-104765\" src=\"https:\/\/zjarr.tv\/wp-content\/uploads\/2019\/09\/Untitled-4.png\" alt=\"\" width=\"528\" height=\"924\" srcset=\"https:\/\/zjarr.tv\/wp-content\/uploads\/2019\/09\/Untitled-4.png 528w, https:\/\/zjarr.tv\/wp-content\/uploads\/2019\/09\/Untitled-4-171x300.png 171w, https:\/\/zjarr.tv\/wp-content\/uploads\/2019\/09\/Untitled-4-240x420.png 240w\" sizes=\"auto, (max-width: 528px) 100vw, 528px\" \/><\/a><a href=\"https:\/\/zjarr.tv\/wp-content\/uploads\/2019\/09\/Untitled-6-1.png\"><img loading=\"lazy\" decoding=\"async\" class=\"alignnone size-full wp-image-104766\" src=\"https:\/\/zjarr.tv\/wp-content\/uploads\/2019\/09\/Untitled-6-1.png\" alt=\"\" width=\"492\" height=\"928\" srcset=\"https:\/\/zjarr.tv\/wp-content\/uploads\/2019\/09\/Untitled-6-1.png 492w, https:\/\/zjarr.tv\/wp-content\/uploads\/2019\/09\/Untitled-6-1-159x300.png 159w, https:\/\/zjarr.tv\/wp-content\/uploads\/2019\/09\/Untitled-6-1-223x420.png 223w\" sizes=\"auto, (max-width: 492px) 100vw, 492px\" \/><\/a><\/p>\n<p>Motrat Vjollca, t\u00eb af\u00ebrm dhe miq t\u00eb ngusht\u00eb t\u00eb moderatores, jan\u00eb mbledhur p\u00ebr t\u2019i uruar asaj 28-vjetorin n\u00eb nj\u00eb ambient t\u00ebr\u00ebsisht t\u00eb personalizuar.<\/p>\n<p>Fifi, Blerina Rugova, Klodiana Shala si edhe shum\u00eb emra t\u00eb njohur t\u00eb ekranit i jan\u00eb bashkuar fest\u00ebs dhe duken duke k\u00ebrcyer pran\u00eb motrave Vjollca. Disa nga fotot dhe videot e fest\u00ebs, VIP-at i kan\u00eb ndar\u00eb edhe n\u00eb profilet e tyre.<\/p>","protected":false},"excerpt":{"rendered":"<p>Pasi mbylli me sukses nj\u00eb sezon t\u00eb mbar\u00eb me \u201cShiko kush luan\u201d dhe pasi kaloi nj\u00eb ver\u00eb t\u00eb nxeht\u00eb me pushime dhe me koncerte, Luana Vjollca \u00ebsht\u00eb gati dhe me energji t\u00eb reja p\u00ebr t\u2019ia nisur nga e para. Dit\u00ebn e djeshme k\u00ebng\u00ebtarja dhe moderatorja ka festuar 28-vjetorin e saj.Mbr\u00ebmja ka qen\u00eb v\u00ebrtet\u00eb speciale p\u00ebr [&hellip;]<\/p>\n","protected":false},"author":4,"featured_media":104767,"comment_status":"open","ping_status":"closed","sticky":false,"template":"","format":"standard","meta":{"footnotes":""},"categories":[241,231,193,235],"tags":[],"class_list":{"0":"post-104764","1":"post","2":"type-post","3":"status-publish","4":"format-standard","5":"has-post-thumbnail","7":"category-aktualitet","8":"category-lajme","9":"category-showbiz","10":"category-vendi"},"_links":{"self":[{"href":"https:\/\/zjarr.tv\/en\/wp-json\/wp\/v2\/posts\/104764","targetHints":{"allow":["GET"]}}],"collection":[{"href":"https:\/\/zjarr.tv\/en\/wp-json\/wp\/v2\/posts"}],"about":[{"href":"https:\/\/zjarr.tv\/en\/wp-json\/wp\/v2\/types\/post"}],"author":[{"embeddable":true,"href":"https:\/\/zjarr.tv\/en\/wp-json\/wp\/v2\/users\/4"}],"replies":[{"embeddable":true,"href":"https:\/\/zjarr.tv\/en\/wp-json\/wp\/v2\/comments?post=104764"}],"version-history":[{"count":0,"href":"https:\/\/zjarr.tv\/en\/wp-json\/wp\/v2\/posts\/104764\/revisions"}],"wp:featuredmedia":[{"embeddable":true,"href":"https:\/\/zjarr.tv\/en\/wp-json\/wp\/v2\/media\/104767"}],"wp:attachment":[{"href":"https:\/\/zjarr.tv\/en\/wp-json\/wp\/v2\/media?parent=104764"}],"wp:term":[{"taxonomy":"category","embeddable":true,"href":"https:\/\/zjarr.tv\/en\/wp-json\/wp\/v2\/categories?post=104764"},{"taxonomy":"post_tag","embeddable":true,"href":"https:\/\/zjarr.tv\/en\/wp-json\/wp\/v2\/tags?post=104764"}],"curies":[{"name":"wp","href":"https:\/\/api.w.org\/{rel}","templated":true}]}}