{"id":104770,"date":"2019-09-03T21:00:46","date_gmt":"2019-09-03T19:00:46","guid":{"rendered":"https:\/\/zjarr.tv\/?p=104770"},"modified":"2019-09-03T16:16:06","modified_gmt":"2019-09-03T14:16:06","slug":"drejtesia-nis-punen-arrestohet-ish-deputeti-ne-maqedonine-e-veriut","status":"publish","type":"post","link":"https:\/\/zjarr.tv\/en\/drejtesia-nis-punen-arrestohet-ish-deputeti-ne-maqedonine-e-veriut\/","title":{"rendered":"Drejt\u00ebsia nis pun\u00ebn, arrestohet ish-deputeti n\u00eb Maqedonin\u00eb e Veriut"},"content":{"rendered":"<p>Drejt\u00ebsia n\u00eb Maqedonin\u00eb e Veriut ka nisur t\u00eb veproj\u00eb p\u00ebr personat\u00a0 publik\u00eb, t\u00eb cil\u00ebt dyshohen si t\u00eb p\u00ebrfshir\u00eb n\u00eb raste t\u00eb shkeljes s\u00eb ligjit. Mediat vendase raportojn\u00eb se mbr\u00ebmjen e kaluar \u00ebsht\u00eb arrestuar ish-deputeti, Lubomir Josifovski.<\/p>\n<p>Pas arrestimit, ish-deputeti \u00ebsht\u00eb marr\u00eb n\u00eb pyetje n\u00eb stacionion policor \u201cBeko\u201d.<\/p>\n<p>Sipas burimeve jo zyrtare Josifovski akuzohet p\u00ebr vepr\u00ebn penale \u201chyrje t\u00eb paautorizuar n\u00eb sisteme kompjuterike\u201d.\u00a0 Kujtojm\u00eb Josifovski ka qen\u00eb deputet nga radh\u00ebt e PRSD-s\u00eb.<\/p>\n<div id=\"videoad\"><\/div>\n<div id=\"pa_1x1_psbk_1567520096235\"><\/div>","protected":false},"excerpt":{"rendered":"<p>Drejt\u00ebsia n\u00eb Maqedonin\u00eb e Veriut ka nisur t\u00eb veproj\u00eb p\u00ebr personat\u00a0 publik\u00eb, t\u00eb cil\u00ebt dyshohen si t\u00eb p\u00ebrfshir\u00eb n\u00eb raste t\u00eb shkeljes s\u00eb ligjit. Mediat vendase raportojn\u00eb se mbr\u00ebmjen e kaluar \u00ebsht\u00eb arrestuar ish-deputeti, Lubomir Josifovski. Pas arrestimit, ish-deputeti \u00ebsht\u00eb marr\u00eb n\u00eb pyetje n\u00eb stacionion policor \u201cBeko\u201d. Sipas burimeve jo zyrtare Josifovski akuzohet p\u00ebr vepr\u00ebn [&hellip;]<\/p>\n","protected":false},"author":4,"featured_media":104772,"comment_status":"open","ping_status":"closed","sticky":false,"template":"","format":"standard","meta":{"footnotes":""},"categories":[241,231,235],"tags":[],"class_list":{"0":"post-104770","1":"post","2":"type-post","3":"status-publish","4":"format-standard","5":"has-post-thumbnail","7":"category-aktualitet","8":"category-lajme","9":"category-vendi"},"_links":{"self":[{"href":"https:\/\/zjarr.tv\/en\/wp-json\/wp\/v2\/posts\/104770","targetHints":{"allow":["GET"]}}],"collection":[{"href":"https:\/\/zjarr.tv\/en\/wp-json\/wp\/v2\/posts"}],"about":[{"href":"https:\/\/zjarr.tv\/en\/wp-json\/wp\/v2\/types\/post"}],"author":[{"embeddable":true,"href":"https:\/\/zjarr.tv\/en\/wp-json\/wp\/v2\/users\/4"}],"replies":[{"embeddable":true,"href":"https:\/\/zjarr.tv\/en\/wp-json\/wp\/v2\/comments?post=104770"}],"version-history":[{"count":0,"href":"https:\/\/zjarr.tv\/en\/wp-json\/wp\/v2\/posts\/104770\/revisions"}],"wp:featuredmedia":[{"embeddable":true,"href":"https:\/\/zjarr.tv\/en\/wp-json\/wp\/v2\/media\/104772"}],"wp:attachment":[{"href":"https:\/\/zjarr.tv\/en\/wp-json\/wp\/v2\/media?parent=104770"}],"wp:term":[{"taxonomy":"category","embeddable":true,"href":"https:\/\/zjarr.tv\/en\/wp-json\/wp\/v2\/categories?post=104770"},{"taxonomy":"post_tag","embeddable":true,"href":"https:\/\/zjarr.tv\/en\/wp-json\/wp\/v2\/tags?post=104770"}],"curies":[{"name":"wp","href":"https:\/\/api.w.org\/{rel}","templated":true}]}}