{"id":104795,"date":"2019-09-04T11:11:57","date_gmt":"2019-09-04T09:11:57","guid":{"rendered":"https:\/\/zjarr.tv\/?p=104795"},"modified":"2019-09-04T11:11:57","modified_gmt":"2019-09-04T09:11:57","slug":"anija-oriku-shpeton-140-emigrante-nga-siria-dhe-afganistani","status":"publish","type":"post","link":"https:\/\/zjarr.tv\/en\/anija-oriku-shpeton-140-emigrante-nga-siria-dhe-afganistani\/","title":{"rendered":"Anija &#8220;Oriku&#8221; shp\u00ebton 140 emigrant\u00eb nga Siria dhe Afganistani"},"content":{"rendered":"<p>Anija &#8220;Oriku&#8221; dhe ekuipazhi i saj jan\u00eb p\u00ebrballur me nj\u00eb fluks t\u00eb shtuar emigrant\u00ebsh t\u00eb paligjsh\u00ebm gjat\u00eb patrullimit n\u00eb detin Egje.<\/p>\n<p>N\u00eb vet\u00ebm 3 dit\u00eb kan\u00eb ndaluar 4 gomone t\u00eb ndryshme me rreth 140 emigrant\u00eb afgan\u00eb e sirian\u00eb n\u00eb bord, gjysma e t\u00eb cil\u00ebve gra e f\u00ebmij\u00eb q\u00eb rrezikojn\u00eb jet\u00ebn n\u00eb uj\u00ebrat mes Turqis\u00eb e Greqis\u00eb.<\/p>\n<p>140 emigrant\u00ebt afgan\u00eb e sirian\u00eb, 30 prej t\u00eb cil\u00ebve f\u00ebmij\u00eb, kan\u00eb zbritur sh\u00ebndosh\u00eb e mir\u00eb n\u00eb tok\u00eb, t\u00eb ndihmuar nga djemt\u00eb e Forcave Detare q\u00eb jan\u00eb me mision n\u00eb detin Egje.<\/p>\n<p>N\u00eb bashk\u00ebpunim me rojen bregdetare turke dhe greke, anija &#8220;Oriku&#8221;, pjes\u00eb e operacionit t\u00eb NATO-s &#8220;Sea Guardian&#8221;, brenda 3 dit\u00ebve ka asistuar n\u00eb shp\u00ebtimin e 4 gomoneve ku udh\u00ebtonin t\u00eb rritur e f\u00ebmij\u00eb.<\/p>\n<p>Q\u00eb prej vitit 2016, kur Shqip\u00ebria u b\u00eb pjes\u00eb e misionit t\u00eb NATO-s n\u00eb detin Egje, jan\u00eb mbi 2 mij\u00eb f\u00ebmij\u00eb, gra e burra t\u00eb shp\u00ebtuar nga djemt\u00eb tan\u00eb t\u00eb Forc\u00ebs Detare.<\/p>","protected":false},"excerpt":{"rendered":"<p>Anija &#8220;Oriku&#8221; dhe ekuipazhi i saj jan\u00eb p\u00ebrballur me nj\u00eb fluks t\u00eb shtuar emigrant\u00ebsh t\u00eb paligjsh\u00ebm gjat\u00eb patrullimit n\u00eb detin Egje. N\u00eb vet\u00ebm 3 dit\u00eb kan\u00eb ndaluar 4 gomone t\u00eb ndryshme me rreth 140 emigrant\u00eb afgan\u00eb e sirian\u00eb n\u00eb bord, gjysma e t\u00eb cil\u00ebve gra e f\u00ebmij\u00eb q\u00eb rrezikojn\u00eb jet\u00ebn n\u00eb uj\u00ebrat mes Turqis\u00eb e [&hellip;]<\/p>\n","protected":false},"author":4,"featured_media":104796,"comment_status":"open","ping_status":"closed","sticky":false,"template":"","format":"standard","meta":{"footnotes":""},"categories":[241,231,235],"tags":[],"class_list":{"0":"post-104795","1":"post","2":"type-post","3":"status-publish","4":"format-standard","5":"has-post-thumbnail","7":"category-aktualitet","8":"category-lajme","9":"category-vendi"},"_links":{"self":[{"href":"https:\/\/zjarr.tv\/en\/wp-json\/wp\/v2\/posts\/104795","targetHints":{"allow":["GET"]}}],"collection":[{"href":"https:\/\/zjarr.tv\/en\/wp-json\/wp\/v2\/posts"}],"about":[{"href":"https:\/\/zjarr.tv\/en\/wp-json\/wp\/v2\/types\/post"}],"author":[{"embeddable":true,"href":"https:\/\/zjarr.tv\/en\/wp-json\/wp\/v2\/users\/4"}],"replies":[{"embeddable":true,"href":"https:\/\/zjarr.tv\/en\/wp-json\/wp\/v2\/comments?post=104795"}],"version-history":[{"count":0,"href":"https:\/\/zjarr.tv\/en\/wp-json\/wp\/v2\/posts\/104795\/revisions"}],"wp:featuredmedia":[{"embeddable":true,"href":"https:\/\/zjarr.tv\/en\/wp-json\/wp\/v2\/media\/104796"}],"wp:attachment":[{"href":"https:\/\/zjarr.tv\/en\/wp-json\/wp\/v2\/media?parent=104795"}],"wp:term":[{"taxonomy":"category","embeddable":true,"href":"https:\/\/zjarr.tv\/en\/wp-json\/wp\/v2\/categories?post=104795"},{"taxonomy":"post_tag","embeddable":true,"href":"https:\/\/zjarr.tv\/en\/wp-json\/wp\/v2\/tags?post=104795"}],"curies":[{"name":"wp","href":"https:\/\/api.w.org\/{rel}","templated":true}]}}