{"id":104810,"date":"2019-09-04T12:34:02","date_gmt":"2019-09-04T10:34:02","guid":{"rendered":"https:\/\/zjarr.tv\/?p=104810"},"modified":"2019-09-04T12:34:02","modified_gmt":"2019-09-04T10:34:02","slug":"te-kam-si-djalin-tim-gruaja-lavde-rames-pasi-zgjidhi-problemin-ja-si-te-gjeni-mikun-ne-qeveri","status":"publish","type":"post","link":"https:\/\/zjarr.tv\/en\/te-kam-si-djalin-tim-gruaja-lavde-rames-pasi-zgjidhi-problemin-ja-si-te-gjeni-mikun-ne-qeveri\/","title":{"rendered":"\u201cT\u00eb kam si djalin tim\u201d gruaja lavde Ram\u00ebs pasi zgjidhi problemin: Ja si t\u00eb gjeni \u2018mikun\u2019 n\u00eb qeveri"},"content":{"rendered":"<p>Nj\u00eb histori suksesi \u00ebsht\u00eb p\u00ebr kryeministrin Rama nd\u00ebrveprimi e qytetar\u00ebve me qeverin\u00eb p\u00ebrmes platform\u00ebs online \u201cBashk\u00ebqeverisja\u201d. N\u00eb takimin e p\u00ebrjavsh\u00ebm me qytetar\u00ebt, Rama apeloi ata t\u00eb mos joshe nga ideja se duke dh\u00ebn\u00eb rryshfet do t\u00eb zgjidhin problemet e tyre por t\u00eb aplikojn\u00eb n\u00eb platform\u00ebn shqip\u00ebria q\u00eb duam.al.<\/p>\n<p>\u201cQ\u00ebkurse erdh\u00ebm n\u00eb qeveri shum\u00eb erdh\u00ebn te selia prisnin aty dhe nuk zgjidhnin ndonj\u00eb gj\u00eb duke vendosur vajzat e PC n\u00eb dispozicion t\u00eb qytetar\u00ebve pa i pyetur cfar\u00eb tesere kan\u00eb. plus depuet\u00ebt kan\u00eb n\u00eb dispozicion nj\u00eb staf t\u00eb vog\u00ebl p\u00ebr qytetar\u00ebt, po k\u00ebshtu n\u00eb zyrat e post\u00ebt ku b\u00ebhet sh\u00ebrbim ka nj\u00eb PC n\u00eb dispozicion p\u00ebr t\u2019iu drjtuar platform\u00ebs. Platforma nuk ka limit territorial mund t\u00eb aksesohet nga kushdo q\u00eb ka nj\u00eb kart\u00eb identiteti t\u00eb Shqip\u00ebris\u00eb. Platforma \u00ebsht\u00eb reale ndihmon njer\u00ebz q\u00eb s\u2019kan\u00eb njohje, s\u2019kan\u00eb parti e kanale t\u00eb tjera, dhe nuk duan ose s\u2019kan\u00eb mund\u00ebsi t\u00eb kalojn\u00eb p\u00ebrmes rrug\u00ebve t\u00eb err\u00ebta ku i josh nj\u00eb pjes\u00eb e administrat\u00eb duke i k\u00ebrkuar rryshfet\u201d u shpreh Rama.<\/p>\n<p>Nd\u00ebrsa prezantoi rastin e saj, i cili kishte marr\u00eb zgjidhje p\u00ebr platform\u00ebs s\u00eb bashk\u00ebqeverisjes, nj\u00eb prej qytetar\u00ebve nuk i kurseu fjal\u00ebt p\u00ebr kreun e qeveris\u00eb, duke i th\u00ebn\u00eb se e ka si djalin e saj.<\/p>","protected":false},"excerpt":{"rendered":"<p>Nj\u00eb histori suksesi \u00ebsht\u00eb p\u00ebr kryeministrin Rama nd\u00ebrveprimi e qytetar\u00ebve me qeverin\u00eb p\u00ebrmes platform\u00ebs online \u201cBashk\u00ebqeverisja\u201d. N\u00eb takimin e p\u00ebrjavsh\u00ebm me qytetar\u00ebt, Rama apeloi ata t\u00eb mos joshe nga ideja se duke dh\u00ebn\u00eb rryshfet do t\u00eb zgjidhin problemet e tyre por t\u00eb aplikojn\u00eb n\u00eb platform\u00ebn shqip\u00ebria q\u00eb duam.al. \u201cQ\u00ebkurse erdh\u00ebm n\u00eb qeveri shum\u00eb erdh\u00ebn te [&hellip;]<\/p>\n","protected":false},"author":4,"featured_media":104811,"comment_status":"open","ping_status":"closed","sticky":false,"template":"","format":"standard","meta":{"footnotes":""},"categories":[241,231,235],"tags":[],"class_list":{"0":"post-104810","1":"post","2":"type-post","3":"status-publish","4":"format-standard","5":"has-post-thumbnail","7":"category-aktualitet","8":"category-lajme","9":"category-vendi"},"_links":{"self":[{"href":"https:\/\/zjarr.tv\/en\/wp-json\/wp\/v2\/posts\/104810","targetHints":{"allow":["GET"]}}],"collection":[{"href":"https:\/\/zjarr.tv\/en\/wp-json\/wp\/v2\/posts"}],"about":[{"href":"https:\/\/zjarr.tv\/en\/wp-json\/wp\/v2\/types\/post"}],"author":[{"embeddable":true,"href":"https:\/\/zjarr.tv\/en\/wp-json\/wp\/v2\/users\/4"}],"replies":[{"embeddable":true,"href":"https:\/\/zjarr.tv\/en\/wp-json\/wp\/v2\/comments?post=104810"}],"version-history":[{"count":0,"href":"https:\/\/zjarr.tv\/en\/wp-json\/wp\/v2\/posts\/104810\/revisions"}],"wp:featuredmedia":[{"embeddable":true,"href":"https:\/\/zjarr.tv\/en\/wp-json\/wp\/v2\/media\/104811"}],"wp:attachment":[{"href":"https:\/\/zjarr.tv\/en\/wp-json\/wp\/v2\/media?parent=104810"}],"wp:term":[{"taxonomy":"category","embeddable":true,"href":"https:\/\/zjarr.tv\/en\/wp-json\/wp\/v2\/categories?post=104810"},{"taxonomy":"post_tag","embeddable":true,"href":"https:\/\/zjarr.tv\/en\/wp-json\/wp\/v2\/tags?post=104810"}],"curies":[{"name":"wp","href":"https:\/\/api.w.org\/{rel}","templated":true}]}}