{"id":104844,"date":"2019-09-04T17:15:23","date_gmt":"2019-09-04T15:15:23","guid":{"rendered":"https:\/\/zjarr.tv\/?p=104844"},"modified":"2019-09-04T15:16:25","modified_gmt":"2019-09-04T13:16:25","slug":"ky-seshte-pazar-por-repart-ushtarak-tregtaret-e-korces-kunder-bashkise-per-orarin","status":"publish","type":"post","link":"https:\/\/zjarr.tv\/en\/ky-seshte-pazar-por-repart-ushtarak-tregtaret-e-korces-kunder-bashkise-per-orarin\/","title":{"rendered":"\u201cKy s\u2019\u00ebsht\u00eb pazar, por repart ushtarak\u201d, tregtar\u00ebt e Kor\u00e7\u00ebs kund\u00ebr Bashkis\u00eb p\u00ebr orarin"},"content":{"rendered":"<p>Vendimi i bashkis\u00eb s\u00eb Kor\u00e7\u00ebs p\u00ebr t\u00eb mos i lejuar fermer\u00ebt e papajisur me NIPT tregtari t\u00eb shesin prodhimet e tyre gjat\u00eb dit\u00ebs n\u00eb tregun e qytetit, ka prekur edhe tregtar\u00ebt e shumic\u00ebs, t\u00eb cil\u00ebt e ushtrojn\u00eb aktivitetin n\u00eb k\u00ebt\u00eb treg me licenc\u00eb.<\/p>\n<p>N\u00eb dit\u00ebn e 3-t\u00eb q\u00eb tregu i shumic\u00ebs ruhet nga forca t\u00eb policis\u00eb bashkiake, tregtar\u00ebt e shumic\u00ebs e cil\u00ebsojn\u00eb t\u00eb pap\u00ebrshtatsh\u00ebm kufizimin e shitjeve gjat\u00eb nat\u00ebs.<\/p>\n<p>Me nj\u00eb k\u00ebrkes\u00eb t\u00eb p\u00ebrbashk\u00ebt fermer\u00ebt dhe tregtar\u00ebt e shumic\u00ebs i k\u00ebrkojn\u00eb bashkis\u00eb rishikimin e orarit, n\u00eb t\u00eb kund\u00ebrt ata thon\u00eb se rrezikojn\u00eb mbyllje t\u00eb aktivitetit t\u00eb tyre.<\/p>\n<p>Drejtori i tregut pohon se nj\u00eb orar i till\u00eb \u00ebsht\u00eb i p\u00ebrkohsh\u00ebm p\u00ebr tregtar\u00ebt. Pas protestave t\u00eb fermer\u00ebve dhe konkurrenc\u00ebs q\u00eb ishte krijuar ndaj tregtar\u00ebve t\u00eb vegj\u00ebl t\u00eb markat\u00ebs dhe atyre t\u00eb shumic\u00ebs Bashkia e Korc\u00ebs vendosi t\u00eb ndryshoj\u00eb orarin e aktivitetit t\u00eb tregut.<\/p>","protected":false},"excerpt":{"rendered":"<p>Vendimi i bashkis\u00eb s\u00eb Kor\u00e7\u00ebs p\u00ebr t\u00eb mos i lejuar fermer\u00ebt e papajisur me NIPT tregtari t\u00eb shesin prodhimet e tyre gjat\u00eb dit\u00ebs n\u00eb tregun e qytetit, ka prekur edhe tregtar\u00ebt e shumic\u00ebs, t\u00eb cil\u00ebt e ushtrojn\u00eb aktivitetin n\u00eb k\u00ebt\u00eb treg me licenc\u00eb. N\u00eb dit\u00ebn e 3-t\u00eb q\u00eb tregu i shumic\u00ebs ruhet nga forca t\u00eb [&hellip;]<\/p>\n","protected":false},"author":4,"featured_media":104845,"comment_status":"open","ping_status":"closed","sticky":false,"template":"","format":"standard","meta":{"footnotes":""},"categories":[241,231,235],"tags":[],"class_list":{"0":"post-104844","1":"post","2":"type-post","3":"status-publish","4":"format-standard","5":"has-post-thumbnail","7":"category-aktualitet","8":"category-lajme","9":"category-vendi"},"_links":{"self":[{"href":"https:\/\/zjarr.tv\/en\/wp-json\/wp\/v2\/posts\/104844","targetHints":{"allow":["GET"]}}],"collection":[{"href":"https:\/\/zjarr.tv\/en\/wp-json\/wp\/v2\/posts"}],"about":[{"href":"https:\/\/zjarr.tv\/en\/wp-json\/wp\/v2\/types\/post"}],"author":[{"embeddable":true,"href":"https:\/\/zjarr.tv\/en\/wp-json\/wp\/v2\/users\/4"}],"replies":[{"embeddable":true,"href":"https:\/\/zjarr.tv\/en\/wp-json\/wp\/v2\/comments?post=104844"}],"version-history":[{"count":0,"href":"https:\/\/zjarr.tv\/en\/wp-json\/wp\/v2\/posts\/104844\/revisions"}],"wp:featuredmedia":[{"embeddable":true,"href":"https:\/\/zjarr.tv\/en\/wp-json\/wp\/v2\/media\/104845"}],"wp:attachment":[{"href":"https:\/\/zjarr.tv\/en\/wp-json\/wp\/v2\/media?parent=104844"}],"wp:term":[{"taxonomy":"category","embeddable":true,"href":"https:\/\/zjarr.tv\/en\/wp-json\/wp\/v2\/categories?post=104844"},{"taxonomy":"post_tag","embeddable":true,"href":"https:\/\/zjarr.tv\/en\/wp-json\/wp\/v2\/tags?post=104844"}],"curies":[{"name":"wp","href":"https:\/\/api.w.org\/{rel}","templated":true}]}}