{"id":104866,"date":"2019-09-04T19:45:46","date_gmt":"2019-09-04T17:45:46","guid":{"rendered":"https:\/\/zjarr.tv\/?p=104866"},"modified":"2019-09-04T15:32:28","modified_gmt":"2019-09-04T13:32:28","slug":"burgu-i-koridhalos-do-te-zhvendoset-ne-nje-ish-baze-te-nato-s","status":"publish","type":"post","link":"https:\/\/zjarr.tv\/en\/burgu-i-koridhalos-do-te-zhvendoset-ne-nje-ish-baze-te-nato-s\/","title":{"rendered":"Burgu i Koridhalos do t\u00eb zhvendoset n\u00eb nj\u00eb ish-baz\u00eb t\u00eb NATO-s"},"content":{"rendered":"<p>Burgu i siguris\u00eb s\u00eb lart\u00eb n\u00eb Koridhalos t\u00eb Athin\u00ebs do t\u00eb zhvendoset n\u00eb nj\u00eb baz\u00eb t\u00eb vjet\u00ebr t\u00eb NATO-s n\u00eb Aspropyrgos, Atik\u00ebn per\u00ebndimore, sipas rekomandimit t\u00eb nj\u00eb komiteti ekspert\u00ebsh t\u00eb porositur nga Ministria e Mbrojtjes s\u00eb Qytetar\u00ebve.<\/p>\n<p>Raporti nga Komiteti i Posa\u00e7\u00ebm p\u00ebr Transferimin e Burgut Koridhalos \u00a0ju dor\u00ebzua jav\u00ebn e kaluar Ministrit t\u00eb Mbrojtjes s\u00eb Qytetar\u00ebve Michalis Chrysochoid dhe Z\u00ebvend\u00ebs Ministrit Lefteris Economyou.<\/p>\n<p>Zona e propozuar p\u00ebrfshin rreth 9 hektar\u00eb dhe \u00ebsht\u00eb vler\u00ebsuar t\u00eb jet\u00eb m\u00eb e p\u00ebrshtatshme p\u00ebr zhvendosjen e burgut kryesor t\u00eb kryeqytetit, megjith\u00ebse siguria pritet t\u00eb p\u00ebrmir\u00ebsohet pas nj\u00eb seri shkeljesh n\u00eb Koridhalos. N\u00eb k\u00ebt\u00eb zon\u00eb \u00ebsht\u00eb parashikuar nd\u00ebrtimi i dy nd\u00ebrtesave.<\/p>\n<p>Transferimi i burgut t\u00eb Koridhalos n\u00eb Atika, af\u00ebr Pireut, ishte nj\u00eb k\u00ebrkes\u00eb e hershme e \u00a0banor\u00ebve dhe nj\u00eb nga premtimet parazgjedhore t\u00eb kryeministrit Kyriakos Mitsotakis.<\/p>\n<p>&#8220;American Convenience Stadium&#8221;, si\u00e7 konstatohet, plot\u00ebson kushtet e p\u00ebrcaktuara nga qeveria, dhe n\u00eb ve\u00e7anti \u00ebsht\u00eb af\u00ebr Athin\u00ebs dhe gjykatave, dhe ve\u00e7an\u00ebrisht pran\u00eb nj\u00eb autostrade q\u00eb leht\u00ebson transferimin e t\u00eb burgosurve, por edhe l\u00ebvizjen e zyrtar\u00ebve dhe t\u00eb af\u00ebrmve. \u00cbsht\u00eb gjithashtu af\u00ebr Spitalit dhe ka nd\u00ebrtesa t\u00eb gatshme me standarde t\u00eb larta sigurie q\u00eb mund t\u00eb p\u00ebrdoren n\u00ebse propozimi pranohet p\u00ebrfundimisht&#8221; thuhet n\u00eb raportin e Komiteti i Posa\u00e7\u00ebm, i p\u00ebrb\u00ebr\u00eb nga ekspert\u00eb t\u00eb Policis\u00eb dhe Forcave t\u00eb Armatosura.<\/p>\n<p>Raporti prej pes\u00eb faqesh i komitetit do t\u00eb studiohet nga udh\u00ebheqja e ministris\u00eb dhe m\u00eb pas do t\u00eb k\u00ebrkoj\u00eb m\u00ebnyra p\u00ebr t\u00eb financuar projektin.<\/p>\n<p>Fondi nuk \u00ebsht\u00eb p\u00ebrcaktuar akoma, duke l\u00ebn\u00eb t\u00eb hapur edhe mund\u00ebsin\u00eb e partneritetit publik-privat ose me fonde evropiane.<\/p>\n<p>Afati kohor p\u00ebr nd\u00ebrtimin e burgut \u00ebsht\u00eb 3 vjet, dhe sistemet e siguris\u00eb q\u00eb do t\u00eb instalohen jan\u00eb ende n\u00eb shqyrtim.<\/p>\n<p>Raportohet se, k\u00ebshillat e dh\u00ebna nga oficer\u00ebt jan\u00eb q\u00eb t\u00eb krijojn\u00eb nj\u00eb burg modern t\u00eb bazuar n\u00eb standarde nd\u00ebrkomb\u00ebtare dhe larg imazhit aktual t\u00eb burgut Koridhalos.<\/p>","protected":false},"excerpt":{"rendered":"<p>Burgu i siguris\u00eb s\u00eb lart\u00eb n\u00eb Koridhalos t\u00eb Athin\u00ebs do t\u00eb zhvendoset n\u00eb nj\u00eb baz\u00eb t\u00eb vjet\u00ebr t\u00eb NATO-s n\u00eb Aspropyrgos, Atik\u00ebn per\u00ebndimore, sipas rekomandimit t\u00eb nj\u00eb komiteti ekspert\u00ebsh t\u00eb porositur nga Ministria e Mbrojtjes s\u00eb Qytetar\u00ebve. Raporti nga Komiteti i Posa\u00e7\u00ebm p\u00ebr Transferimin e Burgut Koridhalos \u00a0ju dor\u00ebzua jav\u00ebn e kaluar Ministrit t\u00eb Mbrojtjes [&hellip;]<\/p>\n","protected":false},"author":4,"featured_media":104867,"comment_status":"open","ping_status":"closed","sticky":false,"template":"","format":"standard","meta":{"footnotes":""},"categories":[241,231,2],"tags":[],"class_list":{"0":"post-104866","1":"post","2":"type-post","3":"status-publish","4":"format-standard","5":"has-post-thumbnail","7":"category-aktualitet","8":"category-lajme","9":"category-rajoni"},"_links":{"self":[{"href":"https:\/\/zjarr.tv\/en\/wp-json\/wp\/v2\/posts\/104866","targetHints":{"allow":["GET"]}}],"collection":[{"href":"https:\/\/zjarr.tv\/en\/wp-json\/wp\/v2\/posts"}],"about":[{"href":"https:\/\/zjarr.tv\/en\/wp-json\/wp\/v2\/types\/post"}],"author":[{"embeddable":true,"href":"https:\/\/zjarr.tv\/en\/wp-json\/wp\/v2\/users\/4"}],"replies":[{"embeddable":true,"href":"https:\/\/zjarr.tv\/en\/wp-json\/wp\/v2\/comments?post=104866"}],"version-history":[{"count":0,"href":"https:\/\/zjarr.tv\/en\/wp-json\/wp\/v2\/posts\/104866\/revisions"}],"wp:featuredmedia":[{"embeddable":true,"href":"https:\/\/zjarr.tv\/en\/wp-json\/wp\/v2\/media\/104867"}],"wp:attachment":[{"href":"https:\/\/zjarr.tv\/en\/wp-json\/wp\/v2\/media?parent=104866"}],"wp:term":[{"taxonomy":"category","embeddable":true,"href":"https:\/\/zjarr.tv\/en\/wp-json\/wp\/v2\/categories?post=104866"},{"taxonomy":"post_tag","embeddable":true,"href":"https:\/\/zjarr.tv\/en\/wp-json\/wp\/v2\/tags?post=104866"}],"curies":[{"name":"wp","href":"https:\/\/api.w.org\/{rel}","templated":true}]}}