{"id":104881,"date":"2019-09-04T15:52:11","date_gmt":"2019-09-04T13:52:11","guid":{"rendered":"https:\/\/zjarr.tv\/?p=104881"},"modified":"2019-09-04T15:52:11","modified_gmt":"2019-09-04T13:52:11","slug":"kriza-politike-zyrtari-i-dash-perfundon-takimin-me-bashen-ne-1700-e-pret-edi-rama","status":"publish","type":"post","link":"https:\/\/zjarr.tv\/en\/kriza-politike-zyrtari-i-dash-perfundon-takimin-me-bashen-ne-1700-e-pret-edi-rama\/","title":{"rendered":"Kriza politike\/ Zyrtari i DASH p\u00ebrfundon takimin me Bash\u00ebn. N\u00eb 17:00 e pret Edi Rama"},"content":{"rendered":"<p>Drejtori p\u00ebr Evrop\u00ebn Qendrore dhe Jugore n\u00eb Departamentin Amerikan t\u00eb Shtetit, David Kostelancik po q\u00ebndron p\u00ebr nj\u00eb vizit\u00eb zyrtare n\u00eb Tiran\u00eb, nd\u00ebrsa kryefjal\u00eb e takimeve t\u00eb tij\u00a0 ka qen\u00eb kriza politike dhe gjetja e mund\u00ebsive p\u00ebr tejkalimin e saj.<\/p>\n<p>Zyrtari i DASH ka p\u00ebrfunduar n\u00eb k\u00ebto momente nj\u00eb takim me kreun e Partis\u00eb Demokratike, Lulzim Bash\u00ebn. Takimi mes tyre u zhvillua n\u00eb selin\u00eb blu dhe zgjati rreth 60 minuta.<\/p>\n<p>Axhenda e zyrtarit t\u00eb lart\u00eb do t\u00eb vijoj\u00eb t\u00eb jet\u00eb e ngjeshur, pasi sot pasdite n\u00eb or\u00ebn 17:00, Kostelancik do takohet edhe me kryeministrin, Edi Rama.<\/p>","protected":false},"excerpt":{"rendered":"<p>Drejtori p\u00ebr Evrop\u00ebn Qendrore dhe Jugore n\u00eb Departamentin Amerikan t\u00eb Shtetit, David Kostelancik po q\u00ebndron p\u00ebr nj\u00eb vizit\u00eb zyrtare n\u00eb Tiran\u00eb, nd\u00ebrsa kryefjal\u00eb e takimeve t\u00eb tij\u00a0 ka qen\u00eb kriza politike dhe gjetja e mund\u00ebsive p\u00ebr tejkalimin e saj. Zyrtari i DASH ka p\u00ebrfunduar n\u00eb k\u00ebto momente nj\u00eb takim me kreun e Partis\u00eb Demokratike, Lulzim [&hellip;]<\/p>\n","protected":false},"author":4,"featured_media":90568,"comment_status":"open","ping_status":"closed","sticky":false,"template":"","format":"standard","meta":{"footnotes":""},"categories":[241,231,235],"tags":[],"class_list":{"0":"post-104881","1":"post","2":"type-post","3":"status-publish","4":"format-standard","5":"has-post-thumbnail","7":"category-aktualitet","8":"category-lajme","9":"category-vendi"},"_links":{"self":[{"href":"https:\/\/zjarr.tv\/en\/wp-json\/wp\/v2\/posts\/104881","targetHints":{"allow":["GET"]}}],"collection":[{"href":"https:\/\/zjarr.tv\/en\/wp-json\/wp\/v2\/posts"}],"about":[{"href":"https:\/\/zjarr.tv\/en\/wp-json\/wp\/v2\/types\/post"}],"author":[{"embeddable":true,"href":"https:\/\/zjarr.tv\/en\/wp-json\/wp\/v2\/users\/4"}],"replies":[{"embeddable":true,"href":"https:\/\/zjarr.tv\/en\/wp-json\/wp\/v2\/comments?post=104881"}],"version-history":[{"count":0,"href":"https:\/\/zjarr.tv\/en\/wp-json\/wp\/v2\/posts\/104881\/revisions"}],"wp:featuredmedia":[{"embeddable":true,"href":"https:\/\/zjarr.tv\/en\/wp-json\/wp\/v2\/media\/90568"}],"wp:attachment":[{"href":"https:\/\/zjarr.tv\/en\/wp-json\/wp\/v2\/media?parent=104881"}],"wp:term":[{"taxonomy":"category","embeddable":true,"href":"https:\/\/zjarr.tv\/en\/wp-json\/wp\/v2\/categories?post=104881"},{"taxonomy":"post_tag","embeddable":true,"href":"https:\/\/zjarr.tv\/en\/wp-json\/wp\/v2\/tags?post=104881"}],"curies":[{"name":"wp","href":"https:\/\/api.w.org\/{rel}","templated":true}]}}