{"id":104886,"date":"2019-09-04T21:00:32","date_gmt":"2019-09-04T19:00:32","guid":{"rendered":"https:\/\/zjarr.tv\/?p=104886"},"modified":"2019-09-04T16:24:35","modified_gmt":"2019-09-04T14:24:35","slug":"ndryshimet-ne-legjislacionin-grek-cfare-perfitojme-emigrantet-shqiptare","status":"publish","type":"post","link":"https:\/\/zjarr.tv\/en\/ndryshimet-ne-legjislacionin-grek-cfare-perfitojme-emigrantet-shqiptare\/","title":{"rendered":"Ndryshimet n\u00eb legjislacionin grek, \u00e7far\u00eb p\u00ebrfitojm\u00eb emigrant\u00ebt shqiptar\u00eb"},"content":{"rendered":"<p>Emigrant\u00ebt shqiptar\u00eb q\u00eb jetojn\u00eb e punojn\u00eb n\u00eb Greqi, e q\u00eb kan\u00eb arritur t\u00eb marrin lejen biometrike t\u00eb q\u00ebndrimit n\u00eb k\u00ebt\u00eb shtet, do t\u00eb ken\u00eb mund\u00ebsi t\u00eb ken\u00eb disa t\u00eb drejta t\u00eb tjera. Edhe pse me vones\u00eb, shteti helen ka adoptuar udh\u00ebzimet e Komisionit Europian p\u00ebr lejet biometrike. \u201cGazeta Shqiptare\u201d zbardh sot t\u00eb gjitha p\u00ebrfitimet q\u00eb do t\u00eb ken\u00eb shqiptar\u00ebt q\u00eb zot\u00ebrojn\u00eb lejen unike t\u00eb q\u00ebndrimit. K\u00ebshtu, do t\u00eb ofrohet nj\u00eb trajtim i barabart\u00eb i punonj\u00ebsve, t\u00eb cil\u00ebt do t\u00eb g\u00ebzojn\u00eb t\u00eb nj\u00ebjtin trajtim me vendasit.<\/p>\n<p>\u201cMbajt\u00ebsit e lejes biometrike do t\u00eb ken\u00eb t\u00eb drejt\u00ebn e hyrjes dhe q\u00ebndrimit n\u00eb territorin grek si dhe qarkullimin e lir\u00eb, me kufizimet q\u00eb parashikon ligji (zona t\u00eb siguris\u00eb, etj.); t\u00eb drejt\u00ebn p\u00ebr t\u00eb ushtruar veprimtarin\u00eb p\u00ebr t\u00eb cil\u00ebn kan\u00eb marr\u00eb viz\u00ebn hyr\u00ebse; kushtet e pun\u00ebsimit, p\u00ebrfshir\u00eb limitin minimal t\u00eb mosh\u00ebs p\u00ebr pun\u00eb, konditat e pun\u00ebs, p\u00ebrfshir\u00eb kushtet e pag\u00ebs dhe t\u00eb largimit nga puna, orarit t\u00eb pun\u00ebs, t\u00eb lejeve dhe dit\u00ebve t\u00eb pushimit, si dhe k\u00ebrkesat lidhur me sh\u00ebndetin dhe sigurin\u00eb n\u00eb vendin e pun\u00ebs; t\u00eb drejt\u00ebn p\u00ebr grev\u00eb dhe veprimtarin\u00eb sindikale, sipas legjislacionit komb\u00ebtar, lirin\u00eb e grumbullimit, t\u00eb aderimit dhe pjes\u00ebmarrjes n\u00eb shoqata punonj\u00ebsish apo pun\u00ebdh\u00ebn\u00ebsish apo \u00e7do lloj shoqate profesionale, p\u00ebrfshir\u00eb avantazhet q\u00eb ofrohen nga k\u00ebto organizata nd\u00ebrmjet t\u00eb cilave t\u00eb drejt\u00ebn e negocimit dhe lidhjes s\u00eb kontratave kolektive, t\u00eb gjitha k\u00ebto, me rezerv\u00ebn e dispozitave q\u00eb lidhen me rendin publik dhe sigurin\u00eb publike\u201d, \u2013 thuhet n\u00eb nenin e ndryshuar 21A t\u00eb Kodit t\u00eb Emigracionit.<\/p>\n<p>N\u00eb k\u00ebt\u00eb t\u00eb fundit gjithashtu b\u00ebhet me dije se emigrant\u00ebt shqiptar\u00eb n\u00eb Greqi do t\u00eb ken\u00eb p\u00ebrfitime edhe p\u00ebr sa i p\u00ebrket edukimit dhe kualifikimit profesional, njohjes s\u00eb diplomave dhe aft\u00ebsive t\u00eb tjera profesionale, dispozitave t\u00eb legjislacionit komb\u00ebtar lidhur me deg\u00ebt e sigurimeve shoq\u00ebrore. Nd\u00ebrkoh\u00eb, aty ku ekzistojn\u00eb marr\u00ebveshje dypal\u00ebshe, emigrant\u00ebt e pajisur me lejen biometrike do t\u00eb marrin edhe pages\u00ebn e pensionit t\u00eb pleq\u00ebris\u00eb n\u00eb nivelin q\u00eb parashikon legjislacioni komb\u00ebtar apo legjislacioni i vendeve an\u00ebtare t\u00eb BE-s\u00eb.<\/p>\n<p>Sakaq, ata do t\u00eb ken\u00eb akses n\u00eb asetet dhe sh\u00ebrbimet q\u00eb disponohen p\u00ebr publikun, p\u00ebrfshir\u00eb procedurat p\u00ebr sigurimin e strehimit dhe t\u00eb sh\u00ebrbimeve t\u00eb informacionit dhe konsulenc\u00ebs q\u00eb ofrojn\u00eb sh\u00ebrbimet e pun\u00ebsimit. K\u00ebta punonj\u00ebs shqiptar\u00eb do t\u00eb p\u00ebrfitojn\u00eb edhe nga avantazhet tatimore, me kusht q\u00eb t\u00eb konsiderohen se kan\u00eb banes\u00eb tatimore n\u00eb territorin grek. Punonj\u00ebsit q\u00eb transferohen n\u00eb nj\u00eb vend t\u00eb tret\u00eb ose trash\u00ebgimtar\u00ebt e k\u00ebtyre punonj\u00ebsve q\u00eb jetojn\u00eb n\u00eb nj\u00eb vend t\u00eb tret\u00eb dhe p\u00ebrfitojn\u00eb t\u00eb drejta prej tyre, marrin pensionet e ligjshme q\u00eb u takojn\u00eb n\u00eb baz\u00eb t\u00eb pun\u00ebsimit t\u00eb m\u00ebparsh\u00ebm, me t\u00eb nj\u00ebjtat kushte si dhe kur punonj\u00ebsit vendas shkojn\u00eb n\u00eb nj\u00eb vend t\u00eb tret\u00eb.<\/p>","protected":false},"excerpt":{"rendered":"<p>Emigrant\u00ebt shqiptar\u00eb q\u00eb jetojn\u00eb e punojn\u00eb n\u00eb Greqi, e q\u00eb kan\u00eb arritur t\u00eb marrin lejen biometrike t\u00eb q\u00ebndrimit n\u00eb k\u00ebt\u00eb shtet, do t\u00eb ken\u00eb mund\u00ebsi t\u00eb ken\u00eb disa t\u00eb drejta t\u00eb tjera. Edhe pse me vones\u00eb, shteti helen ka adoptuar udh\u00ebzimet e Komisionit Europian p\u00ebr lejet biometrike. \u201cGazeta Shqiptare\u201d zbardh sot t\u00eb gjitha p\u00ebrfitimet q\u00eb [&hellip;]<\/p>\n","protected":false},"author":4,"featured_media":104887,"comment_status":"open","ping_status":"closed","sticky":false,"template":"","format":"standard","meta":{"footnotes":""},"categories":[241,231,2,235],"tags":[],"class_list":{"0":"post-104886","1":"post","2":"type-post","3":"status-publish","4":"format-standard","5":"has-post-thumbnail","7":"category-aktualitet","8":"category-lajme","9":"category-rajoni","10":"category-vendi"},"_links":{"self":[{"href":"https:\/\/zjarr.tv\/en\/wp-json\/wp\/v2\/posts\/104886","targetHints":{"allow":["GET"]}}],"collection":[{"href":"https:\/\/zjarr.tv\/en\/wp-json\/wp\/v2\/posts"}],"about":[{"href":"https:\/\/zjarr.tv\/en\/wp-json\/wp\/v2\/types\/post"}],"author":[{"embeddable":true,"href":"https:\/\/zjarr.tv\/en\/wp-json\/wp\/v2\/users\/4"}],"replies":[{"embeddable":true,"href":"https:\/\/zjarr.tv\/en\/wp-json\/wp\/v2\/comments?post=104886"}],"version-history":[{"count":0,"href":"https:\/\/zjarr.tv\/en\/wp-json\/wp\/v2\/posts\/104886\/revisions"}],"wp:featuredmedia":[{"embeddable":true,"href":"https:\/\/zjarr.tv\/en\/wp-json\/wp\/v2\/media\/104887"}],"wp:attachment":[{"href":"https:\/\/zjarr.tv\/en\/wp-json\/wp\/v2\/media?parent=104886"}],"wp:term":[{"taxonomy":"category","embeddable":true,"href":"https:\/\/zjarr.tv\/en\/wp-json\/wp\/v2\/categories?post=104886"},{"taxonomy":"post_tag","embeddable":true,"href":"https:\/\/zjarr.tv\/en\/wp-json\/wp\/v2\/tags?post=104886"}],"curies":[{"name":"wp","href":"https:\/\/api.w.org\/{rel}","templated":true}]}}