{"id":104889,"date":"2019-09-04T16:27:27","date_gmt":"2019-09-04T14:27:27","guid":{"rendered":"https:\/\/zjarr.tv\/?p=104889"},"modified":"2019-09-04T16:27:27","modified_gmt":"2019-09-04T14:27:27","slug":"ditmir-bushati-ne-krye-te-vetevendosjes-albin-kurti-tregon-kush-merr-vendimin","status":"publish","type":"post","link":"https:\/\/zjarr.tv\/en\/ditmir-bushati-ne-krye-te-vetevendosjes-albin-kurti-tregon-kush-merr-vendimin\/","title":{"rendered":"Ditmir Bushati n\u00eb krye t\u00eb \u201cVet\u00ebvendosjes\u201d? Albin Kurti tregon kush merr vendimin"},"content":{"rendered":"<p>Ish-ministri i jasht\u00ebm Ditmir Bushati, \u00ebsht\u00eb nj\u00eb nga emrat m\u00eb t\u00eb p\u00ebrfolur si drejtues i ardhsh\u00ebm i L\u00ebvizjes \u201cVet\u00ebvendosja\u201d n\u00eb Tiran\u00eb.<\/p>\n<p>Por, sipas kreut t\u00eb k\u00ebsaj l\u00ebvizjeje Albin Kurti, nj\u00eb vendim t\u00eb till\u00eb duhet ta marrin strukturat e qendr\u00ebs n\u00eb Tiran\u00eb. N\u00eb nj\u00eb intervist\u00eb p\u00ebr \u201cABC News\u201d, Kurti flet edhe p\u00ebr marr\u00ebdh\u00ebnien me kryeministrin Edi Rama, zgjedhjet e 6 tetorit n\u00eb Kosov\u00eb si dhe p\u00ebr taks\u00ebn e produkteve q\u00eb vijn\u00eb nga Serbia.<\/p>\n<p>Kreu i L\u00ebvizjes Vet\u00ebvendosja n\u00eb Kosov\u00eb, Albin Kurti nuk e fsheh d\u00ebshir\u00ebn p\u00ebr t\u00eb bashk\u00ebpunuar me ish-ministrin e Jasht\u00ebm, Ditmir Bushati por kur vjen fjala p\u00ebr drejtimin e L\u00ebvizjes Vetvendosja n\u00eb Tiran\u00eb ai thekson se vendimet jan\u00eb t\u00eb strukturave t\u00eb qendr\u00ebs n\u00eb kryeqytet. Lideri i Vet\u00ebvendosjes, Albin Kurti thekson se Bushati \u00ebsht\u00eb nj\u00eb politikan q\u00eb duhet t\u00eb jap\u00eb kontributin e tij jo vet\u00ebm n\u00eb Shqip\u00ebri por edhe n\u00eb Kosov\u00eb.<\/p>\n<p>Duke mos e fshehur marr\u00ebdh\u00ebnien e ftoht\u00eb me kryeministrin Rama, Kurti nuk e sheh problem bashk\u00ebpunimin me kreun e qeveris\u00eb shqiptare n\u00ebse do t\u00eb zgjidhet kryemist\u00ebr i Kosov\u00ebs. Albin Kurti \u00ebsht\u00eb i bindur se n\u00eb 6 tetor do t\u00eb jet\u00eb ai kryeministri i ri i Kosov\u00ebs, teksa LDK \u00ebsht\u00eb forca e vetme me t\u00eb cil\u00ebn e sheh t\u00eb mundsh\u00ebm bashk\u00ebpunimin paszgjedhor. Nj\u00eb vendim e ka edhe p\u00ebr taks\u00ebn 100% p\u00ebr mallrat me Serbin\u00eb, n\u00ebse zgjidhet kryeminist\u00ebr.<\/p>\n<p>Albin Kurti ishte n\u00eb Tiran\u00eb n\u00eb kuad\u00ebr t\u00eb fushat\u00ebs p\u00ebr zgjedhjet e parakohshme t\u00eb 6 tetorit n\u00eb Kosov\u00eb. \u201cPranvera shqiptare fillon nga Kosova\u201d, \u00ebsht\u00eb quajtur nisma e Qendr\u00ebs s\u00eb Vet\u00ebvendosjes n\u00eb Tiran\u00eb\/ABCNEWS<\/p>\n<p>&nbsp;<\/p>","protected":false},"excerpt":{"rendered":"<p>Ish-ministri i jasht\u00ebm Ditmir Bushati, \u00ebsht\u00eb nj\u00eb nga emrat m\u00eb t\u00eb p\u00ebrfolur si drejtues i ardhsh\u00ebm i L\u00ebvizjes \u201cVet\u00ebvendosja\u201d n\u00eb Tiran\u00eb. Por, sipas kreut t\u00eb k\u00ebsaj l\u00ebvizjeje Albin Kurti, nj\u00eb vendim t\u00eb till\u00eb duhet ta marrin strukturat e qendr\u00ebs n\u00eb Tiran\u00eb. N\u00eb nj\u00eb intervist\u00eb p\u00ebr \u201cABC News\u201d, Kurti flet edhe p\u00ebr marr\u00ebdh\u00ebnien me kryeministrin Edi [&hellip;]<\/p>\n","protected":false},"author":4,"featured_media":104890,"comment_status":"open","ping_status":"closed","sticky":false,"template":"","format":"standard","meta":{"footnotes":""},"categories":[241,231,2,235],"tags":[],"class_list":{"0":"post-104889","1":"post","2":"type-post","3":"status-publish","4":"format-standard","5":"has-post-thumbnail","7":"category-aktualitet","8":"category-lajme","9":"category-rajoni","10":"category-vendi"},"_links":{"self":[{"href":"https:\/\/zjarr.tv\/en\/wp-json\/wp\/v2\/posts\/104889","targetHints":{"allow":["GET"]}}],"collection":[{"href":"https:\/\/zjarr.tv\/en\/wp-json\/wp\/v2\/posts"}],"about":[{"href":"https:\/\/zjarr.tv\/en\/wp-json\/wp\/v2\/types\/post"}],"author":[{"embeddable":true,"href":"https:\/\/zjarr.tv\/en\/wp-json\/wp\/v2\/users\/4"}],"replies":[{"embeddable":true,"href":"https:\/\/zjarr.tv\/en\/wp-json\/wp\/v2\/comments?post=104889"}],"version-history":[{"count":0,"href":"https:\/\/zjarr.tv\/en\/wp-json\/wp\/v2\/posts\/104889\/revisions"}],"wp:featuredmedia":[{"embeddable":true,"href":"https:\/\/zjarr.tv\/en\/wp-json\/wp\/v2\/media\/104890"}],"wp:attachment":[{"href":"https:\/\/zjarr.tv\/en\/wp-json\/wp\/v2\/media?parent=104889"}],"wp:term":[{"taxonomy":"category","embeddable":true,"href":"https:\/\/zjarr.tv\/en\/wp-json\/wp\/v2\/categories?post=104889"},{"taxonomy":"post_tag","embeddable":true,"href":"https:\/\/zjarr.tv\/en\/wp-json\/wp\/v2\/tags?post=104889"}],"curies":[{"name":"wp","href":"https:\/\/api.w.org\/{rel}","templated":true}]}}