{"id":104914,"date":"2019-09-05T12:59:44","date_gmt":"2019-09-05T10:59:44","guid":{"rendered":"https:\/\/zjarr.tv\/?p=104914"},"modified":"2019-09-05T12:59:44","modified_gmt":"2019-09-05T10:59:44","slug":"shen-tereza-trashegimia-qe-na-ben-krenar-kur-themi-jam-shqiptar","status":"publish","type":"post","link":"https:\/\/zjarr.tv\/en\/shen-tereza-trashegimia-qe-na-ben-krenar-kur-themi-jam-shqiptar\/","title":{"rendered":"Sh\u00ebn Tereza, trash\u00ebgimia q\u00eb na b\u00ebn krenar kur themi &#8216;jam shqiptar&#8217;"},"content":{"rendered":"<p>Bujar Nishani, Kryetari i K\u00ebshillit Komb\u00ebtar t\u00eb PD, ka p\u00ebrkujtuar sot N\u00ebn\u00eb Terez\u00ebn me rastin e\u00a0 5 Shtatorit, Dit\u00ebs\u00a0s\u00eb\u00a0Shenjt\u00ebrimit t\u00eb saj.<\/p>\n<p>&#8220;Sh\u00ebn Tereza (Gonxhe Bojaxhi), nj\u00eb Shenjt, nj\u00eb em\u00ebr, nj\u00eb shembull, nj\u00eb trash\u00ebgimi q\u00eb na b\u00ebn t\u00eb ndihemi krenar kur themi &#8220;Jam shqiptar&#8221;&#8221;, shkruan Nishani n\u00eb Fb.<\/p>","protected":false},"excerpt":{"rendered":"<p>Bujar Nishani, Kryetari i K\u00ebshillit Komb\u00ebtar t\u00eb PD, ka p\u00ebrkujtuar sot N\u00ebn\u00eb Terez\u00ebn me rastin e\u00a0 5 Shtatorit, Dit\u00ebs\u00a0s\u00eb\u00a0Shenjt\u00ebrimit t\u00eb saj. &#8220;Sh\u00ebn Tereza (Gonxhe Bojaxhi), nj\u00eb Shenjt, nj\u00eb em\u00ebr, nj\u00eb shembull, nj\u00eb trash\u00ebgimi q\u00eb na b\u00ebn t\u00eb ndihemi krenar kur themi &#8220;Jam shqiptar&#8221;&#8221;, shkruan Nishani n\u00eb Fb.<\/p>","protected":false},"author":2013,"featured_media":69318,"comment_status":"open","ping_status":"closed","sticky":false,"template":"","format":"standard","meta":{"footnotes":""},"categories":[241,235],"tags":[],"class_list":{"0":"post-104914","1":"post","2":"type-post","3":"status-publish","4":"format-standard","5":"has-post-thumbnail","7":"category-aktualitet","8":"category-vendi"},"_links":{"self":[{"href":"https:\/\/zjarr.tv\/en\/wp-json\/wp\/v2\/posts\/104914","targetHints":{"allow":["GET"]}}],"collection":[{"href":"https:\/\/zjarr.tv\/en\/wp-json\/wp\/v2\/posts"}],"about":[{"href":"https:\/\/zjarr.tv\/en\/wp-json\/wp\/v2\/types\/post"}],"author":[{"embeddable":true,"href":"https:\/\/zjarr.tv\/en\/wp-json\/wp\/v2\/users\/2013"}],"replies":[{"embeddable":true,"href":"https:\/\/zjarr.tv\/en\/wp-json\/wp\/v2\/comments?post=104914"}],"version-history":[{"count":0,"href":"https:\/\/zjarr.tv\/en\/wp-json\/wp\/v2\/posts\/104914\/revisions"}],"wp:featuredmedia":[{"embeddable":true,"href":"https:\/\/zjarr.tv\/en\/wp-json\/wp\/v2\/media\/69318"}],"wp:attachment":[{"href":"https:\/\/zjarr.tv\/en\/wp-json\/wp\/v2\/media?parent=104914"}],"wp:term":[{"taxonomy":"category","embeddable":true,"href":"https:\/\/zjarr.tv\/en\/wp-json\/wp\/v2\/categories?post=104914"},{"taxonomy":"post_tag","embeddable":true,"href":"https:\/\/zjarr.tv\/en\/wp-json\/wp\/v2\/tags?post=104914"}],"curies":[{"name":"wp","href":"https:\/\/api.w.org\/{rel}","templated":true}]}}