{"id":104915,"date":"2019-09-05T13:00:51","date_gmt":"2019-09-05T11:00:51","guid":{"rendered":"https:\/\/zjarr.tv\/?p=104915"},"modified":"2019-09-05T13:00:51","modified_gmt":"2019-09-05T11:00:51","slug":"vasili-osbe-foli-30-qershori-ra-tani-perpara-te-shpetojme-vendin","status":"publish","type":"post","link":"https:\/\/zjarr.tv\/en\/vasili-osbe-foli-30-qershori-ra-tani-perpara-te-shpetojme-vendin\/","title":{"rendered":"Vasili: OSBE foli, 30 Qershori ra, tani p\u00ebrpara t\u00eb shp\u00ebtojm\u00eb vendin!"},"content":{"rendered":"<p>Vasili. N\u00eb nj\u00eb sh\u00ebnim n\u00eb Fb, Vasili shprehet:<\/p>\n<p>&#8220;\u00cbsht\u00eb misioni i \u00e7do qytetari dhe opozit\u00ebs q\u00eb t\u00eb jen\u00eb n\u00eb k\u00ebmb\u00eb, dit\u00eb e nat\u00eb, p\u00ebr t\u00eb shp\u00ebtuar vendin. Maskarenjt\u00eb, q\u00eb k\u00ebrc\u00ebnojn\u00eb qytetar\u00ebt me vendin e pun\u00ebs dhe deri edhe heqjen e ndihm\u00ebs sociale jan\u00eb nj\u00eb turp q\u00eb duhet shkulur me rr\u00ebnj\u00eb.<\/p>\n<p>Nuk mundet m\u00eb q\u00eb t\u00eb lihet Shqip\u00ebria n\u00eb duart e nj\u00eb sharlatani politik si Edi Rama, i cili shkat\u00ebrroi imazhin dhe rr\u00ebnoi ekonomin\u00eb e vendit.<\/p>\n<p>Gjith\u00eb bota tashm\u00eb e di q\u00eb Shqip\u00ebria \u00ebsht\u00eb zaptuar nga nj\u00eb klik\u00eb horrash, t\u00eb cil\u00ebt e kthyen vendin m\u00eb mbrapa sesa edhe monizmi i para viteve 90&#8242;.<\/p>\n<p>Antishteti i instaluar nga Edi Rama nuk pyet as p\u00ebr Kushtetut\u00eb, ligj, kode e rregulla, por thjesht pyet p\u00ebr at\u00eb q\u00eb u duhet dhe u intereson kriminel\u00ebve, bandit\u00ebve, trafikant\u00ebve t\u00eb t\u00eb gjitha llojeve e sojeve.<\/p>\n<p>\u00c7do veprim p\u00ebr t\u00eb mbrojtur vendin nga pushtuesit n\u00eb qeveri \u00ebsht\u00eb detyrim dhe legjitim. Asgjesimi i zgjedhjeve nga Edi Rama \u00ebsht\u00eb krimi m\u00eb i r\u00ebnd\u00eb ndaj t\u00eb sotmes dhe t\u00eb ardhmes se shum\u00eb brezave ndaj detyra e mbrojtjes s\u00eb zgjedhjeve t\u00eb lira e t\u00eb ndershme \u00ebsht\u00eb e shenjt\u00eb.<\/p>\n<p>OSBE foli, tani \u00ebsht\u00eb radha jon\u00eb&#8230;.&#8221;ka theksuar n\u00eb p\u00ebrfundim, Vasili.<\/p>","protected":false},"excerpt":{"rendered":"<p>Vasili. N\u00eb nj\u00eb sh\u00ebnim n\u00eb Fb, Vasili shprehet: &#8220;\u00cbsht\u00eb misioni i \u00e7do qytetari dhe opozit\u00ebs q\u00eb t\u00eb jen\u00eb n\u00eb k\u00ebmb\u00eb, dit\u00eb e nat\u00eb, p\u00ebr t\u00eb shp\u00ebtuar vendin. Maskarenjt\u00eb, q\u00eb k\u00ebrc\u00ebnojn\u00eb qytetar\u00ebt me vendin e pun\u00ebs dhe deri edhe heqjen e ndihm\u00ebs sociale jan\u00eb nj\u00eb turp q\u00eb duhet shkulur me rr\u00ebnj\u00eb. Nuk mundet m\u00eb q\u00eb t\u00eb [&hellip;]<\/p>\n","protected":false},"author":2013,"featured_media":60143,"comment_status":"open","ping_status":"closed","sticky":false,"template":"","format":"standard","meta":{"footnotes":""},"categories":[241,235],"tags":[],"class_list":{"0":"post-104915","1":"post","2":"type-post","3":"status-publish","4":"format-standard","5":"has-post-thumbnail","7":"category-aktualitet","8":"category-vendi"},"_links":{"self":[{"href":"https:\/\/zjarr.tv\/en\/wp-json\/wp\/v2\/posts\/104915","targetHints":{"allow":["GET"]}}],"collection":[{"href":"https:\/\/zjarr.tv\/en\/wp-json\/wp\/v2\/posts"}],"about":[{"href":"https:\/\/zjarr.tv\/en\/wp-json\/wp\/v2\/types\/post"}],"author":[{"embeddable":true,"href":"https:\/\/zjarr.tv\/en\/wp-json\/wp\/v2\/users\/2013"}],"replies":[{"embeddable":true,"href":"https:\/\/zjarr.tv\/en\/wp-json\/wp\/v2\/comments?post=104915"}],"version-history":[{"count":0,"href":"https:\/\/zjarr.tv\/en\/wp-json\/wp\/v2\/posts\/104915\/revisions"}],"wp:featuredmedia":[{"embeddable":true,"href":"https:\/\/zjarr.tv\/en\/wp-json\/wp\/v2\/media\/60143"}],"wp:attachment":[{"href":"https:\/\/zjarr.tv\/en\/wp-json\/wp\/v2\/media?parent=104915"}],"wp:term":[{"taxonomy":"category","embeddable":true,"href":"https:\/\/zjarr.tv\/en\/wp-json\/wp\/v2\/categories?post=104915"},{"taxonomy":"post_tag","embeddable":true,"href":"https:\/\/zjarr.tv\/en\/wp-json\/wp\/v2\/tags?post=104915"}],"curies":[{"name":"wp","href":"https:\/\/api.w.org\/{rel}","templated":true}]}}