{"id":104917,"date":"2019-09-05T13:06:21","date_gmt":"2019-09-05T11:06:21","guid":{"rendered":"https:\/\/zjarr.tv\/?p=104917"},"modified":"2019-09-05T13:06:21","modified_gmt":"2019-09-05T11:06:21","slug":"rama-e-lexon-si-ia-ka-enda-raportin-e-osbe-i-certifikoi-zgjedhjet-si-legjitime","status":"publish","type":"post","link":"https:\/\/zjarr.tv\/en\/rama-e-lexon-si-ia-ka-enda-raportin-e-osbe-i-certifikoi-zgjedhjet-si-legjitime\/","title":{"rendered":"Rama e lexon si ia ka \u00ebnda, Raportin e OSBE: I \u00e7ertifikoi zgjedhjet si legjitime!"},"content":{"rendered":"<p>Kryeministri Edi Rama m\u00eb n\u00eb fund ka folur pas raportit p\u00ebrfundimtar t\u00eb OSBE-ODIHR. P\u00ebrkundrejt se \u00e7far\u00eb thuhet n\u00eb k\u00ebt\u00eb raport, Rama thot\u00eb se zgjedhjet e mbajtura m\u00eb 30 qershor jan\u00eb \u00e7ertifikuar si krejt\u00ebsisht legjitime.<\/p>\n<p>\u201cP\u00ebrpjekja p\u00ebr t\u00eb ngritur nj\u00eb furtun\u00eb n\u00eb got\u00eb mbi Raportin e OSBE\/ODHIR-it \u00ebsht\u00eb e kot\u00eb, e gabuar dhe e d\u00ebmshme p\u00ebr vendin,e n\u00eb radh\u00eb t\u00eb par\u00eb p\u00ebr opozit\u00ebn joparlamentare! Raporti ka \u00e7ertifikuar zgjedhjet si krejt legjitime e ka dh\u00ebn\u00eb rekomandime n\u00eb sh\u00ebrbim t\u00eb reform\u00ebs q\u00eb na duhet!<\/p>\n<p>Zgjedhjet e 2021 nuk jan\u00eb larg p\u00ebr koh\u00ebn q\u00eb duhet p\u00ebr adresimin e rekomandimeve n\u00eb funksion t\u00eb Reform\u00ebs Zgjedhore. Prandaj le t\u00eb fokusohemi tek kjo reform\u00eb themelore dhe t\u00eb p\u00ebrgatisim me frym\u00eb DIALOGU e BASHKEPUNIMI, zgjedhjet e ardhshme. Dora jon\u00eb \u00ebsht\u00eb e shtrir\u00eb p\u00ebr t\u00eb gjith\u00eb<\/p>\n<p>\u00c7do vones\u00eb e kot\u00eb sot e b\u00ebn m\u00eb t\u00eb v\u00ebshtir\u00eb arritjen e nj\u00eb rezultati dometh\u00ebn\u00ebs, n\u00eb adresimin e problematik\u00ebs s\u00eb evidentuar p\u00ebrmes rekomandimeve. Ne presim, po koha nuk pret qytetar\u00ebt tan\u00eb pa dallim, presin prej nesh t\u00eb hapim nj\u00eb faqe t\u00eb re DIALOGU e BASHKEPUNIMI p\u00ebr Shqip\u00ebrin\u00eb.\u201d, shkruan Rama.<\/p>\n<p>N\u00eb raportin e OSBE-ODIHR p\u00ebr 30 qershorin t\u00eb publikuar dje, theksohen problematika t\u00eb shumta si\u00e7 jan\u00eb zhvillimi i votimeve pa pjes\u00ebmarrjen e opozit\u00ebs.<\/p>\n<p>Nj\u00eb tjet\u00ebr problematik\u00eb e v\u00ebrejtur \u00ebsht\u00eb mospublikimi i dekretit t\u00eb presidentit Meta p\u00ebr 30 qershorin n\u00eb fletoren zyrtare.<\/p>\n<p>Sipas OSBE-s\u00eb, Gjykata Kushtetuese \u00ebsht\u00eb organi i vet\u00ebm q\u00eb mund t\u00eb gjykoj\u00eb kushtetueshm\u00ebrin\u00eb e dekereteve presidenciale.<\/p>\n<p>Problem tjet\u00ebr i gjetur n\u00eb raport \u00ebsht\u00eb edhe q\u00ebndrimi i pabalancuar i KQZ-s\u00eb<\/p>","protected":false},"excerpt":{"rendered":"<p>Kryeministri Edi Rama m\u00eb n\u00eb fund ka folur pas raportit p\u00ebrfundimtar t\u00eb OSBE-ODIHR. P\u00ebrkundrejt se \u00e7far\u00eb thuhet n\u00eb k\u00ebt\u00eb raport, Rama thot\u00eb se zgjedhjet e mbajtura m\u00eb 30 qershor jan\u00eb \u00e7ertifikuar si krejt\u00ebsisht legjitime. \u201cP\u00ebrpjekja p\u00ebr t\u00eb ngritur nj\u00eb furtun\u00eb n\u00eb got\u00eb mbi Raportin e OSBE\/ODHIR-it \u00ebsht\u00eb e kot\u00eb, e gabuar dhe e d\u00ebmshme p\u00ebr [&hellip;]<\/p>\n","protected":false},"author":2013,"featured_media":100607,"comment_status":"open","ping_status":"closed","sticky":false,"template":"","format":"standard","meta":{"footnotes":""},"categories":[241,235],"tags":[],"class_list":{"0":"post-104917","1":"post","2":"type-post","3":"status-publish","4":"format-standard","5":"has-post-thumbnail","7":"category-aktualitet","8":"category-vendi"},"_links":{"self":[{"href":"https:\/\/zjarr.tv\/en\/wp-json\/wp\/v2\/posts\/104917","targetHints":{"allow":["GET"]}}],"collection":[{"href":"https:\/\/zjarr.tv\/en\/wp-json\/wp\/v2\/posts"}],"about":[{"href":"https:\/\/zjarr.tv\/en\/wp-json\/wp\/v2\/types\/post"}],"author":[{"embeddable":true,"href":"https:\/\/zjarr.tv\/en\/wp-json\/wp\/v2\/users\/2013"}],"replies":[{"embeddable":true,"href":"https:\/\/zjarr.tv\/en\/wp-json\/wp\/v2\/comments?post=104917"}],"version-history":[{"count":0,"href":"https:\/\/zjarr.tv\/en\/wp-json\/wp\/v2\/posts\/104917\/revisions"}],"wp:featuredmedia":[{"embeddable":true,"href":"https:\/\/zjarr.tv\/en\/wp-json\/wp\/v2\/media\/100607"}],"wp:attachment":[{"href":"https:\/\/zjarr.tv\/en\/wp-json\/wp\/v2\/media?parent=104917"}],"wp:term":[{"taxonomy":"category","embeddable":true,"href":"https:\/\/zjarr.tv\/en\/wp-json\/wp\/v2\/categories?post=104917"},{"taxonomy":"post_tag","embeddable":true,"href":"https:\/\/zjarr.tv\/en\/wp-json\/wp\/v2\/tags?post=104917"}],"curies":[{"name":"wp","href":"https:\/\/api.w.org\/{rel}","templated":true}]}}