{"id":104919,"date":"2019-09-05T13:02:46","date_gmt":"2019-09-05T11:02:46","guid":{"rendered":"https:\/\/zjarr.tv\/?p=104919"},"modified":"2019-09-05T13:02:46","modified_gmt":"2019-09-05T11:02:46","slug":"ne-trevat-shqiptare-dhe-indi-kremtohet-sot-festa-liturgjike-e-shenjtores-nene-tereza","status":"publish","type":"post","link":"https:\/\/zjarr.tv\/en\/ne-trevat-shqiptare-dhe-indi-kremtohet-sot-festa-liturgjike-e-shenjtores-nene-tereza\/","title":{"rendered":"N\u00eb trevat shqiptare dhe Indi kremtohet sot festa liturgjike e Shenjtores N\u00ebn\u00eb Tereza"},"content":{"rendered":"<p>Mb\u00ebm\u00eb, m\u00eb 4 shtator qe Nata e fest\u00ebs liturgjike t\u00eb Sh\u00ebn N\u00ebn\u00eb Terez\u00ebs, Ganxhe Bojaxhiut, q\u00eb sivjet p\u00ebrkon me 3 vjetorin e kanonizimit e do t\u00eb thot\u00eb t\u00eb shpalljes Shenjte, njoftoi Vatikani.<\/p>\n<p>P\u00ebr k\u00ebt\u00eb fest\u00eb, kudo n\u00eb bot\u00eb e posa\u00e7\u00ebrisht n\u00eb trevat shqiptare dhe n\u00eb Indi festa liturgjike e Engj\u00ebllit t\u00eb t\u00eb varf\u00ebrve kremtohet me mir\u00ebnjohje ndaj Zotit p\u00ebr k\u00ebt\u00eb dhurat\u00eb t\u00eb jasht\u00ebzakonshme q\u00eb Shenjta shqiptare N\u00ebn\u00eb Tereza \u00ebsht\u00eb p\u00ebr mbar\u00eb njer\u00ebzimin.<\/p>\n<p>Vatikani sh\u00ebnon se &#8220;Shenjta shqiptare Ganxhe Bojaxhiut na kujton se zemra e njeriut, posa\u00e7\u00ebrisht ajo e t\u00eb varf\u00ebrve, \u00ebsht\u00eb e uritur p\u00ebr buk\u00eb e p\u00ebr dashuri.<\/p>\n<p>Festa fetare liturgjike n\u00eb kujtim e p\u00ebr nder t\u00eb Sh\u00ebn N\u00ebn\u00eb Terez\u00eb kremtohet posa\u00e7\u00ebrisht n\u00eb Kalkut\u00eb t\u00eb Indis\u00eb, ku nd\u00ebrroi jet\u00eb m\u00eb 5 shtator 1997, pastaj edhe n\u00eb Prishtin\u00eb e n\u00eb Vau-Dej\u00ebs t\u00eb dioqez\u00ebs s\u00eb Sap\u00ebs, ku jan\u00eb nd\u00ebrtuar dy Tempuj t\u00eb Zotit, dy Kisha katedrale kushtuar figur\u00ebs s\u00eb misionares s\u00eb bamir\u00ebsis\u00eb, e n\u00eb shum\u00eb vende tjera.<\/p>\n<p>Kisha katolike, n\u00eb k\u00ebtv kremtim, na fton t\u00eb ndjekim e ta imitojm\u00eb shembullin e N\u00ebn\u00ebs Ganxhe p\u00ebr t&#8217;ua \u00e7uar paqen, dashurin\u00eb e g\u00ebzimin t\u00eb varf\u00ebrve t\u00eb bot\u00ebs e \u00e7do njeriu q\u00eb takojm\u00eb n\u00eb jet\u00ebn e p\u00ebrditshme.<\/p>\n<p>Kur nd\u00ebrroi jet\u00eb Themeluesja e Misionareve t\u00eb Dashuris\u00eb, Papa Gjon Pali II kujtoi se \u201cN\u00ebn\u00eb Tereza qe gjithnj\u00eb p\u00ebrplot me forc\u00ebn shpirt\u00ebrore q\u00eb i buronte nga dashuria e Krishtit. Kjo e b\u00ebri Misionare t\u00eb bamir\u00ebsis\u00eb me fjal\u00eb e me vepra. Me ndihm\u00ebn e heshtjes s\u00eb kundrimit, Sh\u00ebn N\u00ebn\u00eb Tereza ua \u00e7oi dashurin\u00eb e Krishtit atyre, varf\u00ebrve, nd\u00ebr t\u00eb cil\u00ebt gjeti vet\u00eb Krishtin. Ju jeni trash\u00ebgimtaret e saj shpirt\u00ebrore, bijat e saj t\u00eb dashura\u201d, u tha Sh\u00ebn Gjon Pali II motrave t\u00eb Bamir\u00ebsis\u00eb e shtoi: \u201cShembulli i N\u00ebn\u00eb Terez\u00ebs do t&#8217;ju jap\u00eb forc\u00eb ta vini n\u00eb jet\u00eb thirrjen tuaj p\u00ebr t&#8217;i sh\u00ebrbyer m\u00eb t\u00eb varf\u00ebrve nd\u00ebr t\u00eb varf\u00ebr\u201d.<\/p>\n<p>Ikona e N\u00ebn\u00eb Terez\u00ebs: N\u00ebn\u00eb e mot\u00ebr n\u00eb em\u00ebr t\u00eb Atit Zot<\/p>\n<p>Th\u00ebn\u00eb me pak fjal\u00eb, N\u00ebn\u00eb Tereza \u2013 Ganxhe Bojaxhiu qe nj\u00eb ikon\u00eb e Dashuris\u00eb s\u00eb M\u00ebshirshme t\u00eb Zotit. E n\u00eb nat\u00ebn e fest\u00ebs liturgjike kushtuar Shenjtes N\u00ebn\u00eb Terez\u00eb, ndalemi pak te kjo ikon\u00eb e Dashuris\u00eb s\u00eb Zotit.<\/p>\n<p>Nj\u00eb sari, nj\u00eb pal\u00eb sandale, nj\u00eb kryq i vog\u00ebl. Kjo \u00ebsht\u00eb ikona e N\u00ebn\u00eb Terez\u00ebs s\u00eb Kalkut\u00ebs, t\u00eb cil\u00ebn Papa Sh\u00ebn Gjon Pali II e shpalli t\u00eb Lume, m\u00eb 19 tetor 2003, vet\u00ebm gjasht\u00eb vjet pas vdekjes, duke p\u00ebrmbushur k\u00ebshtu d\u00ebshir\u00ebn e miliona burrave e grave nga t\u00eb kat\u00ebr an\u00ebt e bot\u00ebs, q\u00eb e pat\u00ebn konsideruar shenjte q\u00eb m\u00eb t\u00eb gjall\u00eb. E Papa Fran\u00e7esku e shpalli Shenjte m\u00eb 4 shtator 2016.<\/p>\n<p>Q\u00eb t\u00eb dy ritet liturgjike u kremtuan solemnisht n\u00eb Sheshin e Sh\u00ebn Pjetrit, n\u00eb Vatikan, me nj\u00eb pjes\u00ebmarrje t\u00eb jasht\u00ebzakonshme besimtar\u00ebsh, shtegtar\u00ebsh, personalitetesh e njer\u00ebzish nga mbar\u00eb bota, me nj\u00eb prani t\u00eb ve\u00e7ant\u00eb nga trevat shqiptare e nga India. Qen\u00eb dy kremtime dhe ngjarje t\u00eb paharrueshme p\u00ebr Kish\u00ebn Universale e p\u00ebr bot\u00ebn shqiptare.<\/p>\n<p>N\u00ebn\u00eb Terez\u00ebn e quajt\u00ebn shenjte p\u00ebr bamir\u00ebsin\u00eb e saj, sepse e kishin par\u00eb duke u sh\u00ebrbyer me dashuri t\u00eb pakufishme njer\u00ebzve m\u00eb t\u00eb varf\u00ebr e t\u00eb pap\u00ebrfillur t\u00eb bot\u00ebs, n\u00eb Indi e gjetiu. Por gjithsesi figura e N\u00ebn\u00eb Terez\u00ebs nuk mund t\u00eb krahasohet me figur\u00ebn, sado heroike, t\u00eb nj\u00eb p\u00ebrfaq\u00ebsueseje t\u00eb Kryqit t\u00eb Kuq, ose t\u00eb &#8220;Mjek\u00ebve pa kufij&#8221; apo t\u00eb ndonj\u00eb humanisti.<\/p>\n<p>Pik\u00ebrisht procesi kishtar i lumnimit e m\u00eb von\u00eb edhe ai i kanonizimit, sqaruan pse nuk duhen b\u00ebr\u00eb thjesht\u00ebzime e as paralelizma t\u00eb tilla. Procesi dioqezan i kryeipeshkvis\u00eb s\u00eb Kalkut\u00ebs nxori n\u00eb drit\u00eb, p\u00ebrmes d\u00ebshmive dhe letrave, t\u00eb cilat N\u00ebn\u00eb Tereza vet\u00eb ia pati drejtuar atit shpirt\u00ebror dhe kryeipeshkvit t\u00eb Kalkut\u00ebs, m\u00eb shum\u00eb p\u00ebrmas\u00ebn mistike, se sa at\u00eb bamir\u00ebse, theksimi i s\u00eb cil\u00ebs ndonj\u00ebher\u00eb edhe \u00ebsht\u00eb tepruar.<\/p>\n<p>Motra shenjte shqiptare, fytyra e rrudhur e s\u00eb cil\u00ebs t\u00eb kujtonte gjeografin\u00eb e vuajtjes n\u00eb bot\u00eb, nuk jetoi si e varf\u00ebr nd\u00ebrmjet t\u00eb varf\u00ebrve thjesht\u00eb p\u00ebr t&#8217;u sh\u00ebrbyer njer\u00ebzve t\u00eb braktisur nga shoq\u00ebria: N\u00ebn\u00eb Tereza kishte nj\u00eb q\u00ebllim m\u00eb t\u00eb lart\u00eb: t\u00eb ndiqte varf\u00ebrin\u00eb e Krishtit mbi kryq, t\u00eb zbatonte nj\u00eb p\u00ebr nj\u00eb planin dhe vullnetin e Zotit.<\/p>\n<p>&#8220;Shpirti im \u00ebsht\u00eb p\u00ebrplot me dashuri, me g\u00ebzimin e pap\u00ebrshkruesh\u00ebm t\u00eb bashkimit t\u00eb pand\u00ebrprer\u00eb me dashurin\u00eb e Krishtit. Jezusi nuk m\u00eb k\u00ebrkon gj\u00eb tjet\u00ebr, ve\u00e7se t&#8217;i dhuroj atij vetveten, varf\u00ebrin\u00eb time, hi\u00e7in tim&#8221; &#8211; shkruante. P\u00ebr ta kuptuar m\u00eb mir\u00eb \u00e7ka u tha m\u00eb sip\u00ebr, tregohet kjo anekdot\u00eb:<\/p>\n<p>&#8220;Nj\u00eb gazetari amerikan, i cili, duke e par\u00eb N\u00ebn\u00ebn Terez\u00eb t\u00eb p\u00ebrkulur, tek mjekonte plag\u00ebt e nj\u00eb t\u00eb g\u00ebrbuluri, q\u00eb kullonin gjak e qelb, i pati th\u00ebn\u00eb se ai nuk do ta kishte b\u00ebr\u00eb k\u00ebt\u00eb sh\u00ebrbim as p\u00ebr nj\u00eb milion dollar\u00eb, N\u00ebn\u00eb Tereza i qe p\u00ebrgjigjur aty p\u00ebr aty: &#8220;As un\u00eb nuk do ta b\u00ebja kurr\u00eb p\u00ebr aq para. Por e b\u00ebj falas p\u00ebr dashurin\u00eb ndaj Krishtit!&#8221;.<\/p>\n<p>Di\u00e7ka t\u00eb ngjashme i pati th\u00ebn\u00eb N\u00ebn\u00eb Terez\u00ebs edhe motrave t\u00eb saj, Misionareve t\u00eb Dashuris\u00eb nj\u00eb minist\u00ebr indian: &#8220;B\u00ebjm\u00eb t\u00eb nj\u00ebjt\u00ebn pun\u00eb, por me nj\u00eb ndryshim t\u00eb vet\u00ebm: ne e b\u00ebjm\u00eb p\u00ebr di\u00e7ka, ju p\u00ebr Dik\u00eb&#8221;. Megjithat\u00eb, duhet theksuar se misticizmi i N\u00ebn\u00eb Terez\u00ebs nuk \u00ebsht\u00eb ishull izolimi: p\u00ebrkundrazi, ajo nuk mbyllej kurr\u00eb n\u00eb vetvete, ia hapte port\u00ebn kujtdo, e gatshme p\u00ebr t&#8217;i sh\u00ebrbyer me t\u00eb gjitha forcat, si\u00e7 ishte m\u00ebsuar q\u00eb n\u00eb mosh\u00eb ende t\u00eb njom\u00eb nga prind\u00ebrit e saj, nga familja e saj shqiptare e Bojaxhiut.<\/p>\n<p>&#8220;N\u00eb se nuk e kryen nj\u00eb gjest bamir\u00ebsie me dashuri, t\u00eb lutem, m\u00eb mir\u00eb mos e b\u00ebj fare&#8221; &#8211; i thoshte e \u00ebma, nana Drane. E akoma: &#8220;Ti duhet t\u00eb jesh dora e Provanis\u00eb Hyjnore kur nuk t\u00eb shikon askush, n\u00eb m\u00ebnyr\u00eb q\u00eb ata t\u00eb cil\u00ebt marrin, t&#8217;i jen\u00eb mir\u00ebnjoh\u00ebs Zotit e jo ty&#8221;. K\u00ebshtu krah\u00ebt e saj u b\u00ebn\u00eb krah\u00ebt e vet\u00eb Zotit e N\u00ebn\u00eb Tereza, simbol i duksh\u00ebm i dashuris\u00eb s\u00eb Tij. Mori mbi supet e brishta barr\u00ebn e st\u00ebr-r\u00ebnd\u00eb t\u00eb t\u00eb gjith\u00eb varfanjak\u00ebve t\u00eb bot\u00ebs, duke e ditur se k\u00ebshtu k\u00ebnaqte Zotin e vet.<\/p>\n<p>Ky, pra, \u00ebsht\u00eb thelbi i p\u00ebrshpirt\u00ebris\u00eb s\u00eb Sh\u00ebn N\u00ebn\u00eb Terez\u00ebs, q\u00eb i ka themelet n\u00eb dashurin\u00eb e pakufishme t\u00eb Atit Qiellor p\u00ebr t\u00eb varfrit e t\u00eb braktisurit, e cila gjen shprehjen m\u00eb t\u00eb lart\u00eb n\u00eb misterin e Jezusit mbi Kryqi dhe n\u00eb Ngjalljen e Krishtit. E kjo \u00ebsht\u00eb edhe forca e v\u00ebrtet\u00eb mistike e m\u00ebsimit q\u00eb na l\u00eb trash\u00ebgim N\u00ebn\u00eb Tereza. N\u00ebn\u00eb dhe mot\u00ebr n\u00eb em\u00ebr t\u00eb Zotit At!<\/p>\n<p>N\u00eb p\u00ebrfundim t\u00eb k\u00ebtij p\u00ebrkujtimi liturgjik, t\u2019i b\u00ebjm\u00eb tonat fjal\u00ebt e Pap\u00ebs Wojtila p\u00ebr N\u00ebn\u00eb Terez\u00ebn, shqiptuar n\u00eb homelin\u00eb e Mesh\u00ebs s\u00eb Lumnimit t\u00eb saj m\u00eb 19 tetor 2003: \u201cTa lavd\u00ebrojm\u00eb k\u00ebt\u00eb grua t\u00eb vog\u00ebl, t\u00eb dashuruar me Zotin, k\u00ebt\u00eb lajm\u00ebtare t\u00eb p\u00ebrvuajtur t\u00eb Ungjillit e bamir\u00ebse t\u00eb palodhur t\u00eb njer\u00ebzimit. N\u00eb t\u00eb nderojm\u00eb nj\u00eb nga personalitetet m\u00eb t\u00eb r\u00ebnd\u00ebsishme t\u00eb epok\u00ebs son\u00eb. Ta pranojm\u00eb mesazhin, ta ndjekim shembullin e saj\u201d.<\/p>\n<p>Mesazhit q\u00eb N\u00ebn\u00eb Tereza, Ganxhe Bojaxhiu u la besimtar\u00ebve e t\u00eb gjith\u00eb njer\u00ebzve vullnet mir\u00eb: ta duam Zotin mbi \u00e7do gj\u00eb e t\u00eb af\u00ebrmin porsi vetveten. N\u00eb fest\u00ebn liturgjike kishtare t\u00eb Shenjtes N\u00ebn\u00eb Terez\u00eb, q\u00eb kremtojm\u00eb m\u00eb 5 shtator, t&#8217;i drejtohemi Zotit, q\u00eb t\u00eb na ndihmoj\u00eb ta duam nj\u00ebri-tjetrin kurdoher\u00eb me k\u00ebt\u00eb urat\u00eb q\u00eb Shentja N\u00ebn\u00eb Terez\u00eb na la:<\/p>\n<p>\u2018Hapna syt\u00eb tan\u00eb, o Zot!\u201d<br \/>\nO Zot, hapna syt\u00eb tan\u00eb, q\u00eb t\u00eb mund t\u00eb shohim Ty<br \/>\nn\u00eb v\u00ebllez\u00ebrit e motrat tona.<br \/>\nHapna vesh\u00ebt tan\u00eb, q\u00eb t\u2019i d\u00ebgjojm\u00eb thirrjet<br \/>\ne atij q\u00eb ka uri, q\u00eb ka t\u00eb ftoht\u00eb e frik\u00eb,<br \/>\nt\u00eb atij q\u00eb \u00ebsht\u00eb i shtypur dhe i p\u00ebrbuzur.<br \/>\nHapna zemr\u00ebn ton\u00eb, o Zot, q\u00eb t\u00eb mund t\u00eb m\u00ebsojm\u00eb<br \/>\nta duam nj\u00ebri-tjetrin<br \/>\nashtu si na do Ti.<br \/>\nP\u00ebrt\u00ebrije vazhdimisht n\u00eb ne, Shpirtin t\u00ebnd, o Zot,<br \/>\nq\u00eb t\u00eb jemi t\u00eb lir\u00eb e t\u00eb bashkuar n\u00eb emrin T\u00ebnd t\u00eb shenjt\u00eb. Amen!<\/p>\n<p>E n\u00eb p\u00ebrfundim, ftesa, me t\u00eb cil\u00ebn Papa Gjon Pali II mbyllte homelin\u00eb e Mesh\u00ebs, me ritin e Lumnimit m\u00eb 19 tetor 2003:\u201cTa lavd\u00ebrojm\u00eb k\u00ebt\u00eb grua t\u00eb vog\u00ebl, t\u00eb dashuruar me Zotin, k\u00ebt\u00eb lajm\u00ebtare t\u00eb p\u00ebrvuajtur t\u00eb Ungjillit e bamir\u00ebse t\u00eb palodhur e njer\u00ebzimit. Nderojm\u00eb n\u00eb t\u00eb nj\u00eb nga personalitetet m\u00eb t\u00eb r\u00ebnd\u00ebsishme t\u00eb epok\u00ebs son\u00eb. Ta pranojm\u00eb mesazhin ta ndjekim shembullin e saj\u201d.<\/p>","protected":false},"excerpt":{"rendered":"<p>Mb\u00ebm\u00eb, m\u00eb 4 shtator qe Nata e fest\u00ebs liturgjike t\u00eb Sh\u00ebn N\u00ebn\u00eb Terez\u00ebs, Ganxhe Bojaxhiut, q\u00eb sivjet p\u00ebrkon me 3 vjetorin e kanonizimit e do t\u00eb thot\u00eb t\u00eb shpalljes Shenjte, njoftoi Vatikani. P\u00ebr k\u00ebt\u00eb fest\u00eb, kudo n\u00eb bot\u00eb e posa\u00e7\u00ebrisht n\u00eb trevat shqiptare dhe n\u00eb Indi festa liturgjike e Engj\u00ebllit t\u00eb t\u00eb varf\u00ebrve kremtohet me [&hellip;]<\/p>\n","protected":false},"author":2013,"featured_media":104895,"comment_status":"open","ping_status":"closed","sticky":false,"template":"","format":"standard","meta":{"footnotes":""},"categories":[241,235],"tags":[],"class_list":{"0":"post-104919","1":"post","2":"type-post","3":"status-publish","4":"format-standard","5":"has-post-thumbnail","7":"category-aktualitet","8":"category-vendi"},"_links":{"self":[{"href":"https:\/\/zjarr.tv\/en\/wp-json\/wp\/v2\/posts\/104919","targetHints":{"allow":["GET"]}}],"collection":[{"href":"https:\/\/zjarr.tv\/en\/wp-json\/wp\/v2\/posts"}],"about":[{"href":"https:\/\/zjarr.tv\/en\/wp-json\/wp\/v2\/types\/post"}],"author":[{"embeddable":true,"href":"https:\/\/zjarr.tv\/en\/wp-json\/wp\/v2\/users\/2013"}],"replies":[{"embeddable":true,"href":"https:\/\/zjarr.tv\/en\/wp-json\/wp\/v2\/comments?post=104919"}],"version-history":[{"count":0,"href":"https:\/\/zjarr.tv\/en\/wp-json\/wp\/v2\/posts\/104919\/revisions"}],"wp:featuredmedia":[{"embeddable":true,"href":"https:\/\/zjarr.tv\/en\/wp-json\/wp\/v2\/media\/104895"}],"wp:attachment":[{"href":"https:\/\/zjarr.tv\/en\/wp-json\/wp\/v2\/media?parent=104919"}],"wp:term":[{"taxonomy":"category","embeddable":true,"href":"https:\/\/zjarr.tv\/en\/wp-json\/wp\/v2\/categories?post=104919"},{"taxonomy":"post_tag","embeddable":true,"href":"https:\/\/zjarr.tv\/en\/wp-json\/wp\/v2\/tags?post=104919"}],"curies":[{"name":"wp","href":"https:\/\/api.w.org\/{rel}","templated":true}]}}