{"id":104926,"date":"2019-09-05T13:12:41","date_gmt":"2019-09-05T11:12:41","guid":{"rendered":"https:\/\/zjarr.tv\/?p=104926"},"modified":"2019-09-05T13:12:41","modified_gmt":"2019-09-05T11:12:41","slug":"rama-e-kapi-pushtetin-vendor-me-kriminelet-ka-te-tjere-kryebashkiake-me-te-shkuar-kriminale","status":"publish","type":"post","link":"https:\/\/zjarr.tv\/en\/rama-e-kapi-pushtetin-vendor-me-kriminelet-ka-te-tjere-kryebashkiake-me-te-shkuar-kriminale\/","title":{"rendered":"Rama e kapi pushtetin vendor me kriminel\u00ebt, ka t\u00eb tjer\u00eb kryebashkiak\u00eb me t\u00eb shkuar kriminale"},"content":{"rendered":"<p>&#8220;30 qershori ishte grusht institucional p\u00ebr kapjen e pushtetit vendor nga Edi Rama. Ky grusht institucional u realizua s\u00ebrish n\u00eb bashk\u00ebpunim e krimin.&#8221; Ky qe konkluzioni q\u00eb dha sot, kreu i opozit\u00ebs Lulzim Basha, gjat\u00eb deklarat\u00ebs p\u00ebr shtyp lidhur me Raportin e OSHEB\/ODIHR p\u00ebr 30 Qershorin.<\/p>\n<p>&#8220;Ndon\u00ebse jo objekt i vler\u00ebsimit t\u00eb Raportit, tashm\u00eb \u00ebsht\u00eb nj\u00eb e v\u00ebrtet\u00eb e njohur bot\u00ebrisht \u00ebsht\u00eb se: N\u00eb m\u00ebnyr\u00eb t\u00eb q\u00ebllimshme, kapjen e pushtetit vendor Edi Rama e ka b\u00ebr\u00eb n\u00eb bashk\u00ebpunim me kriminel\u00eb,\u00a0theksoi ai. &#8211; Jan\u00eb deri tani dy kandidat\u00eb p\u00ebr kryebashkiak\u00eb t\u00eb vertetuar me t\u00eb shkuar kriminale dhe priten t\u00eb tjer\u00eb.<\/p>\n<p>P\u00ebr t\u00eb kuptuar r\u00ebnd\u00ebsin\u00eb e k\u00ebtij fakti duhet t\u00eb kemi parasysh di\u00e7ka: m\u00eb 30 qershor nuk kishte asnj\u00eb konkurenc\u00eb, nuk kishte asnj\u00eb gar\u00eb. Edi Rama mund t\u00eb em\u00ebronte k\u00ebdo q\u00eb d\u00ebshironte pa u shqet\u00ebsuar se sa vota do t\u00eb merrte. Por edhe n\u00eb k\u00ebto kushte zgjedhja e tij e natyrshme ishte krimi, ishin personat me rekorde kriminale.<\/p>\n<p>Edhe kur ishte i vet\u00ebm pa asnj\u00eb gar\u00eb, Edi Rama zgjodhi krimin.<\/p>\n<p>Edhe kur ishte i vet\u00ebm pa asnj\u00eb konkurent, edhe kur vet\u00eb i kandidoi, vet\u00eb votoi, vet\u00eb num\u00ebroi dhe vet\u00eb certifikoi, ai vodhi, manipuloi dhe shkeli \u00e7do standart.<\/p>\n<p>Prandaj, 30 qershori v\u00ebrtetoi edhe nj\u00eb her\u00eb at\u00eb q\u00eb Partia Demorkatike ka th\u00ebn\u00eb fuqish\u00ebm: Me Edi Ram\u00ebn nuk mund t\u00eb ket\u00eb zgjedhje t\u00eb lira dhe t\u00eb ndershme. Edi Rama \u00ebsht\u00eb armik i zgjedhjeve, i pluralizmit dhe demokracis\u00eb.&#8221;<\/p>","protected":false},"excerpt":{"rendered":"<p>&#8220;30 qershori ishte grusht institucional p\u00ebr kapjen e pushtetit vendor nga Edi Rama. Ky grusht institucional u realizua s\u00ebrish n\u00eb bashk\u00ebpunim e krimin.&#8221; Ky qe konkluzioni q\u00eb dha sot, kreu i opozit\u00ebs Lulzim Basha, gjat\u00eb deklarat\u00ebs p\u00ebr shtyp lidhur me Raportin e OSHEB\/ODIHR p\u00ebr 30 Qershorin. &#8220;Ndon\u00ebse jo objekt i vler\u00ebsimit t\u00eb Raportit, tashm\u00eb \u00ebsht\u00eb [&hellip;]<\/p>\n","protected":false},"author":2013,"featured_media":96738,"comment_status":"open","ping_status":"closed","sticky":false,"template":"","format":"standard","meta":{"footnotes":""},"categories":[241,235],"tags":[],"class_list":{"0":"post-104926","1":"post","2":"type-post","3":"status-publish","4":"format-standard","5":"has-post-thumbnail","7":"category-aktualitet","8":"category-vendi"},"_links":{"self":[{"href":"https:\/\/zjarr.tv\/en\/wp-json\/wp\/v2\/posts\/104926","targetHints":{"allow":["GET"]}}],"collection":[{"href":"https:\/\/zjarr.tv\/en\/wp-json\/wp\/v2\/posts"}],"about":[{"href":"https:\/\/zjarr.tv\/en\/wp-json\/wp\/v2\/types\/post"}],"author":[{"embeddable":true,"href":"https:\/\/zjarr.tv\/en\/wp-json\/wp\/v2\/users\/2013"}],"replies":[{"embeddable":true,"href":"https:\/\/zjarr.tv\/en\/wp-json\/wp\/v2\/comments?post=104926"}],"version-history":[{"count":0,"href":"https:\/\/zjarr.tv\/en\/wp-json\/wp\/v2\/posts\/104926\/revisions"}],"wp:featuredmedia":[{"embeddable":true,"href":"https:\/\/zjarr.tv\/en\/wp-json\/wp\/v2\/media\/96738"}],"wp:attachment":[{"href":"https:\/\/zjarr.tv\/en\/wp-json\/wp\/v2\/media?parent=104926"}],"wp:term":[{"taxonomy":"category","embeddable":true,"href":"https:\/\/zjarr.tv\/en\/wp-json\/wp\/v2\/categories?post=104926"},{"taxonomy":"post_tag","embeddable":true,"href":"https:\/\/zjarr.tv\/en\/wp-json\/wp\/v2\/tags?post=104926"}],"curies":[{"name":"wp","href":"https:\/\/api.w.org\/{rel}","templated":true}]}}