{"id":104951,"date":"2019-09-05T13:41:30","date_gmt":"2019-09-05T11:41:30","guid":{"rendered":"https:\/\/zjarr.tv\/?p=104951"},"modified":"2019-09-05T13:41:30","modified_gmt":"2019-09-05T11:41:30","slug":"vizite-misterioze-e-saimir-tahirit-ne-spital-ironizon-berisha-mos-takoi-milin-e-partise","status":"publish","type":"post","link":"https:\/\/zjarr.tv\/en\/vizite-misterioze-e-saimir-tahirit-ne-spital-ironizon-berisha-mos-takoi-milin-e-partise\/","title":{"rendered":"Vizit\u00eb misterioze e Saimir Tahirit n\u00eb spital, ironizon Berisha: Mos takoi Milin e partis\u00eb?!"},"content":{"rendered":"<div class=\"readmore-text-here\">\n<p>Nj\u00eb vizit\u00eb e ish-ministrit t\u00eb Brendsh\u00ebm Saimir Tahiri n\u00eb nj\u00eb nga spitalet private t\u00eb Tiran\u00ebs nuk i ka shp\u00ebtuar v\u00ebmendjes s\u00eb qytetar\u00ebve, t\u00eb cil\u00ebt e kan\u00eb filmuar \u201ct\u00eb parekshmin\u201d e kryeministrit. N\u00eb nj\u00eb video t\u00eb publikuar n\u00eb profilin e tij n\u00eb Fb, ish-kryeministri Sali Berisha nuk i ka reshtur thumbat ndaj Tahirit, q\u00eb vazhdon t\u00eb gjendet n\u00ebn akuz\u00eb p\u00ebr lidhjet e tij me bandat e drog\u00ebs si ajo e Habilajve dhe bashk\u00ebpunimin me organizata kriminale si ajo e Emiljano Shullazit. Kujtojm\u00eb se ky i fundit, nga burgu, \u00ebsht\u00eb d\u00ebrguar n\u00eb spital si i s\u00ebmur\u00eb.<\/p>\n<p>&#8220;Saimir Trafiku n\u00eb Spitalin Amerikan!\u00a0 Mister kjo vizit\u00eb e tij!\u00a0 K\u00eb takoi? Interesohet p\u00ebr&#8230;? Vizitoi Milin e Partis\u00eb? Shikoni videon e qytetarit dixhital.<\/p>\n<p><iframe loading=\"lazy\" src=\"https:\/\/www.facebook.com\/plugins\/video.php?href=https%3A%2F%2Fwww.facebook.com%2FSaliBerisha%2Fvideos%2F380984019459983%2F&amp;show_text=1&amp;width=267\" width=\"267\" height=\"829\" frameborder=\"0\" scrolling=\"no\" allowfullscreen=\"allowfullscreen\" data-mce-fragment=\"1\"><\/iframe><\/p>\n<\/div>","protected":false},"excerpt":{"rendered":"<p>Nj\u00eb vizit\u00eb e ish-ministrit t\u00eb Brendsh\u00ebm Saimir Tahiri n\u00eb nj\u00eb nga spitalet private t\u00eb Tiran\u00ebs nuk i ka shp\u00ebtuar v\u00ebmendjes s\u00eb qytetar\u00ebve, t\u00eb cil\u00ebt e kan\u00eb filmuar \u201ct\u00eb parekshmin\u201d e kryeministrit. N\u00eb nj\u00eb video t\u00eb publikuar n\u00eb profilin e tij n\u00eb Fb, ish-kryeministri Sali Berisha nuk i ka reshtur thumbat ndaj Tahirit, q\u00eb vazhdon t\u00eb [&hellip;]<\/p>\n","protected":false},"author":2013,"featured_media":90114,"comment_status":"open","ping_status":"closed","sticky":false,"template":"","format":"standard","meta":{"footnotes":""},"categories":[241,235],"tags":[],"class_list":{"0":"post-104951","1":"post","2":"type-post","3":"status-publish","4":"format-standard","5":"has-post-thumbnail","7":"category-aktualitet","8":"category-vendi"},"_links":{"self":[{"href":"https:\/\/zjarr.tv\/en\/wp-json\/wp\/v2\/posts\/104951","targetHints":{"allow":["GET"]}}],"collection":[{"href":"https:\/\/zjarr.tv\/en\/wp-json\/wp\/v2\/posts"}],"about":[{"href":"https:\/\/zjarr.tv\/en\/wp-json\/wp\/v2\/types\/post"}],"author":[{"embeddable":true,"href":"https:\/\/zjarr.tv\/en\/wp-json\/wp\/v2\/users\/2013"}],"replies":[{"embeddable":true,"href":"https:\/\/zjarr.tv\/en\/wp-json\/wp\/v2\/comments?post=104951"}],"version-history":[{"count":0,"href":"https:\/\/zjarr.tv\/en\/wp-json\/wp\/v2\/posts\/104951\/revisions"}],"wp:featuredmedia":[{"embeddable":true,"href":"https:\/\/zjarr.tv\/en\/wp-json\/wp\/v2\/media\/90114"}],"wp:attachment":[{"href":"https:\/\/zjarr.tv\/en\/wp-json\/wp\/v2\/media?parent=104951"}],"wp:term":[{"taxonomy":"category","embeddable":true,"href":"https:\/\/zjarr.tv\/en\/wp-json\/wp\/v2\/categories?post=104951"},{"taxonomy":"post_tag","embeddable":true,"href":"https:\/\/zjarr.tv\/en\/wp-json\/wp\/v2\/tags?post=104951"}],"curies":[{"name":"wp","href":"https:\/\/api.w.org\/{rel}","templated":true}]}}