{"id":105163,"date":"2019-09-06T14:04:51","date_gmt":"2019-09-06T12:04:51","guid":{"rendered":"https:\/\/zjarr.tv\/?p=105163"},"modified":"2019-09-06T14:04:51","modified_gmt":"2019-09-06T12:04:51","slug":"dailymail-shkruan-per-guximin-e-nenes-se-rita-ores","status":"publish","type":"post","link":"https:\/\/zjarr.tv\/en\/dailymail-shkruan-per-guximin-e-nenes-se-rita-ores\/","title":{"rendered":"\u201cDailyMail\u201d shkruan p\u00ebr guximin e n\u00ebn\u00ebs s\u00eb Rita Or\u00ebs"},"content":{"rendered":"<p>DailyMail e p\u00ebrditshmja britanike ka dedikuar nj\u00eb artikull t\u00eb gjat\u00eb n\u00ebn\u00ebs s\u00eb k\u00ebng\u00ebtares shqiptare me fam\u00eb bot\u00ebrore, Rita Ora, Vera Sahat\u00e7iu-Or\u00ebs.<\/p>\n<p>Ata kan\u00eb cituar faktin se si nj\u00eb n\u00ebn\u00eb e guximshme q\u00eb ka fituar betej\u00ebn me kancerin, tani pa hezitim publikon fotografi me bikini n\u00eb rrjetet sociale, duke i kthyer ato n\u00eb nj\u00eb kampanj\u00eb vet\u00ebdij\u00ebsuese p\u00ebr grat\u00eb q\u00eb p\u00ebrballen me nj\u00eb s\u00ebmundje t\u00eb till\u00eb.<\/p>\n<p>\u201cVera Ora dukej rrezatuese nd\u00ebrsa pozoi t\u00eb mart\u00ebn n\u00eb bikini p\u00ebr nj\u00eb kauz\u00eb t\u00eb fuqishme\u201d, nis shkrimin e saj e p\u00ebrditshmja DailyMail.<\/p>\n<p>Po ashtu, Vera u solidarizua me t\u00eb prekurat nga kancerit i gjirit n\u00eb nj\u00eb intervist\u00eb p\u00ebr revist\u00ebn \u201cFuture Dreams\u201d dh\u00ebn\u00eb muaj m\u00eb par\u00eb, duke th\u00ebn\u00eb se ajo d\u00ebshiron t\u00eb rris\u00eb vet\u00ebdijen dhe t\u00eb frym\u00ebzoj\u00eb grat\u00eb e tjera p\u00ebr t\u00eb rikthyer besimin e tyre duke i dal\u00eb p\u00ebrpara me k\u00ebt\u00eb fushat\u00eb bikinive.<br \/>\n<img loading=\"lazy\" decoding=\"async\" class=\"alignnone size-full wp-image-99029\" src=\"https:\/\/www.faktor.al\/wp-content\/uploads\/2019\/09\/vera1-238x300.jpg\" alt=\"\" width=\"238\" height=\"300\" \/><\/p>","protected":false},"excerpt":{"rendered":"<p>DailyMail e p\u00ebrditshmja britanike ka dedikuar nj\u00eb artikull t\u00eb gjat\u00eb n\u00ebn\u00ebs s\u00eb k\u00ebng\u00ebtares shqiptare me fam\u00eb bot\u00ebrore, Rita Ora, Vera Sahat\u00e7iu-Or\u00ebs. Ata kan\u00eb cituar faktin se si nj\u00eb n\u00ebn\u00eb e guximshme q\u00eb ka fituar betej\u00ebn me kancerin, tani pa hezitim publikon fotografi me bikini n\u00eb rrjetet sociale, duke i kthyer ato n\u00eb nj\u00eb kampanj\u00eb vet\u00ebdij\u00ebsuese [&hellip;]<\/p>\n","protected":false},"author":2013,"featured_media":105164,"comment_status":"open","ping_status":"closed","sticky":false,"template":"","format":"standard","meta":{"footnotes":""},"categories":[241,193],"tags":[],"class_list":{"0":"post-105163","1":"post","2":"type-post","3":"status-publish","4":"format-standard","5":"has-post-thumbnail","7":"category-aktualitet","8":"category-showbiz"},"_links":{"self":[{"href":"https:\/\/zjarr.tv\/en\/wp-json\/wp\/v2\/posts\/105163","targetHints":{"allow":["GET"]}}],"collection":[{"href":"https:\/\/zjarr.tv\/en\/wp-json\/wp\/v2\/posts"}],"about":[{"href":"https:\/\/zjarr.tv\/en\/wp-json\/wp\/v2\/types\/post"}],"author":[{"embeddable":true,"href":"https:\/\/zjarr.tv\/en\/wp-json\/wp\/v2\/users\/2013"}],"replies":[{"embeddable":true,"href":"https:\/\/zjarr.tv\/en\/wp-json\/wp\/v2\/comments?post=105163"}],"version-history":[{"count":0,"href":"https:\/\/zjarr.tv\/en\/wp-json\/wp\/v2\/posts\/105163\/revisions"}],"wp:featuredmedia":[{"embeddable":true,"href":"https:\/\/zjarr.tv\/en\/wp-json\/wp\/v2\/media\/105164"}],"wp:attachment":[{"href":"https:\/\/zjarr.tv\/en\/wp-json\/wp\/v2\/media?parent=105163"}],"wp:term":[{"taxonomy":"category","embeddable":true,"href":"https:\/\/zjarr.tv\/en\/wp-json\/wp\/v2\/categories?post=105163"},{"taxonomy":"post_tag","embeddable":true,"href":"https:\/\/zjarr.tv\/en\/wp-json\/wp\/v2\/tags?post=105163"}],"curies":[{"name":"wp","href":"https:\/\/api.w.org\/{rel}","templated":true}]}}