{"id":105173,"date":"2019-09-06T14:21:21","date_gmt":"2019-09-06T12:21:21","guid":{"rendered":"https:\/\/zjarr.tv\/?p=105173"},"modified":"2019-09-06T14:21:21","modified_gmt":"2019-09-06T12:21:21","slug":"mundesi-shkodran-ndahet-nga-jeta-ish-skenderbegasit-dhe-sot-e-kujtojme-ndeshjen-me-hungarezin-kampion-evrope-ne-vitet-60","status":"publish","type":"post","link":"https:\/\/zjarr.tv\/en\/mundesi-shkodran-ndahet-nga-jeta-ish-skenderbegasit-dhe-sot-e-kujtojme-ndeshjen-me-hungarezin-kampion-evrope-ne-vitet-60\/","title":{"rendered":"Mund\u00ebsi shkodran ndahet nga jeta, ish-sk\u00ebnderbegasit: Dhe sot e kujtojm\u00eb ndeshjen me hungarezin, Kampion Evrope n\u00eb vitet \u201960"},"content":{"rendered":"<p>\u00cbsht\u00eb ndar\u00eb nga jeta dit\u00ebn e djeshme ish-mund\u00ebsi I Vllaznis\u00eb, Mirash Vuksani. P\u00ebrve\u00e7 ngush\u00ebllimeve dhe dhimbjes s\u00eb koleg\u00ebve, t\u00eb shumt\u00eb jan\u00eb ata q\u00eb kan\u00eb komentuar aktivitetin dhe shpirtin e tij humanist. Halit Gjecaj, Mark Mici, Sejdi Vidrica, Seit Musaj, jan\u00eb ish-sk\u00ebnderbegas q\u00eb n\u00eb vitet \u201960 kan\u00eb qen\u00eb n\u00eb t\u00eb nj\u00ebjt\u00ebn shkoll\u00eb me t\u00eb.<\/p>\n<p>Ata kan\u00eb ndar\u00eb me lexuesit kujtimet e tyre p\u00ebr njohjen me ish-mund\u00ebsin, Vuksani.<\/p>\n<p>\u201cUn\u00eb e kam njohur n\u00eb vitin 1960 kur erdhi ushtar. Mjeshtri i madh Ali Kastrati, e afroi n\u00eb klubin e famsh\u00ebm t\u00eb asaj kohe PARTIZANI, n\u00eb shoq\u00ebrin\u00eb e mund\u00ebsave kampion\u00eb Islam Balia, Iljaz Ahmeti , Pokop Beqari etj.<\/p>\n<p>\u201cMirashi ishte n\u00eb radh\u00eb t\u00eb par\u00eb nj\u00eb shok i jasht\u00ebzakonsh\u00ebm, i urt\u00eb, shum\u00eb i dashur, i sinqert\u00eb, sa nuk ka njesi matese ta mas\u00eb. Ishte gjigand, duart e tij ishin morseta n\u00eb kuptimin e plot\u00eb t\u00eb fjales.<\/p>\n<p>\u201cE ndoq\u00ebm ndeshjen e famshme me kampionin e Europ\u00ebs, nj\u00eb hungarez n\u00eb Durr\u00ebs dhe i shp\u00ebtoj\u00eb si ngjal\u00eb morsetave t\u00eb Mirashit dhe eksperienca e tij, b\u00ebri q\u00eb hungarezi t\u00eb fitoj\u00eb me pike. Por entuziazmi i tifozave nuk zbehi aspak gjigandin ton\u00eb p\u00ebr humbjen me pik\u00eb me kampionin e Europ\u00ebs.<\/p>\n<p>\u201cNe skenderbegasit i rrinim gjithnj\u00eb mbrapa. Topat e futbollit t\u00eb asaj kohe na i frynte dhe nuk kishim nevoj\u00eb p\u00ebr pomp\u00eb. Ne skenderbegasit e atij\u00eb brezi kurr\u00eb nuk do ta harrojm\u00eb. Ndarja nga jeta e tij na ka pik\u00eblluar. U preht\u00eb n\u00eb paq\u00eb dhe shpirti i tij\u00eb pushoft\u00eb n\u00eb PARAJS\u00cb. Marrim pjes\u00eb n\u00eb hidh\u00ebrimin e familjes dhe ua past\u00eb l\u00ebn\u00eb Urat\u00ebn. Nga ish skenderbegas Halit Gje\u00e7aj, Mark Mici , Sejdi Vidrica, Seit Musaj, ish kampioni n\u00eb ngritje peshe dhe tenjeri ekipit partizanit SEJDIN GJONI.\u201d-mbyllet letra prek\u00ebse.<\/p>\n<p>Mund\u00ebsi i ndjer\u00eb, Mirash Vuksani<\/p>","protected":false},"excerpt":{"rendered":"<p>\u00cbsht\u00eb ndar\u00eb nga jeta dit\u00ebn e djeshme ish-mund\u00ebsi I Vllaznis\u00eb, Mirash Vuksani. P\u00ebrve\u00e7 ngush\u00ebllimeve dhe dhimbjes s\u00eb koleg\u00ebve, t\u00eb shumt\u00eb jan\u00eb ata q\u00eb kan\u00eb komentuar aktivitetin dhe shpirtin e tij humanist. Halit Gjecaj, Mark Mici, Sejdi Vidrica, Seit Musaj, jan\u00eb ish-sk\u00ebnderbegas q\u00eb n\u00eb vitet \u201960 kan\u00eb qen\u00eb n\u00eb t\u00eb nj\u00ebjt\u00ebn shkoll\u00eb me t\u00eb. Ata kan\u00eb [&hellip;]<\/p>\n","protected":false},"author":2013,"featured_media":105175,"comment_status":"open","ping_status":"closed","sticky":false,"template":"","format":"standard","meta":{"footnotes":""},"categories":[241,192],"tags":[],"class_list":{"0":"post-105173","1":"post","2":"type-post","3":"status-publish","4":"format-standard","5":"has-post-thumbnail","7":"category-aktualitet","8":"category-sport"},"_links":{"self":[{"href":"https:\/\/zjarr.tv\/en\/wp-json\/wp\/v2\/posts\/105173","targetHints":{"allow":["GET"]}}],"collection":[{"href":"https:\/\/zjarr.tv\/en\/wp-json\/wp\/v2\/posts"}],"about":[{"href":"https:\/\/zjarr.tv\/en\/wp-json\/wp\/v2\/types\/post"}],"author":[{"embeddable":true,"href":"https:\/\/zjarr.tv\/en\/wp-json\/wp\/v2\/users\/2013"}],"replies":[{"embeddable":true,"href":"https:\/\/zjarr.tv\/en\/wp-json\/wp\/v2\/comments?post=105173"}],"version-history":[{"count":0,"href":"https:\/\/zjarr.tv\/en\/wp-json\/wp\/v2\/posts\/105173\/revisions"}],"wp:featuredmedia":[{"embeddable":true,"href":"https:\/\/zjarr.tv\/en\/wp-json\/wp\/v2\/media\/105175"}],"wp:attachment":[{"href":"https:\/\/zjarr.tv\/en\/wp-json\/wp\/v2\/media?parent=105173"}],"wp:term":[{"taxonomy":"category","embeddable":true,"href":"https:\/\/zjarr.tv\/en\/wp-json\/wp\/v2\/categories?post=105173"},{"taxonomy":"post_tag","embeddable":true,"href":"https:\/\/zjarr.tv\/en\/wp-json\/wp\/v2\/tags?post=105173"}],"curies":[{"name":"wp","href":"https:\/\/api.w.org\/{rel}","templated":true}]}}