{"id":105174,"date":"2019-09-06T14:46:44","date_gmt":"2019-09-06T12:46:44","guid":{"rendered":"https:\/\/zjarr.tv\/?p=105174"},"modified":"2019-09-06T14:46:44","modified_gmt":"2019-09-06T12:46:44","slug":"policia-e-gjermanise-dhuron-10-automjete-per-policine-e-kosoves","status":"publish","type":"post","link":"https:\/\/zjarr.tv\/en\/policia-e-gjermanise-dhuron-10-automjete-per-policine-e-kosoves\/","title":{"rendered":"Policia e Gjermanis\u00eb dhuron 10 automjete p\u00ebr Policin\u00eb e Kosov\u00ebs"},"content":{"rendered":"<p><strong>Me rastin e 20- vjetorit t\u00eb themelimit t\u00eb Policis\u00eb s\u00eb Kosov\u00ebs, policia Federale e Gjermanis\u00eb i ka dhuruar donacion 10 automjete Policis\u00eb s\u00eb Kosov\u00ebs.<\/strong><\/p>\n<p>Drejtori i P\u00ebrgjithsh\u00ebm i Policis\u00eb s\u00eb Kosov\u00ebs, Rashit Qalaj tha se ka rastisur q\u00eb sot n\u00eb 20 vjetorin e themelimit t\u00eb Policis\u00eb s\u00eb Kosov\u00ebs t\u00eb marrin 10 automjete donacione nga Policia e Gjermanis\u00eb.<\/p>\n<p>Sipas tij, ky donacion tregon bashk\u00ebpunimin e Policis\u00eb s\u00eb Kosov\u00eb me at\u00eb t\u00eb Gjermanis\u00eb me q\u00ebllim t\u00eb luftimit t\u00eb krimit.<\/p>\n<p>\u201cKjo tregon p\u00ebr mb\u00ebshtetjen q\u00eb Policia e Kosov\u00ebs e ka nga partner\u00ebt tan\u00eb strategjik dhe nuk \u00ebsht\u00eb hera e par\u00eb q\u00eb Policia Gjermane p\u00ebrkrah Policin\u00eb e Kosov\u00ebs kemi nj\u00eb bashk\u00ebpunim t\u00eb shk\u00eblqyer dhe besoj q\u00eb do shkoj duke u rritur n\u00eb vazhdim\u00ebsi meqen\u00ebse edhe q\u00ebllimi i Policis\u00eb s\u00eb Kosov\u00ebs dhe Policis\u00eb Gjermane \u00ebsht\u00eb q\u00eb bashkarisht t\u00eb q\u00eb t\u00eb luftojm\u00eb krimit dhe t\u00eb ket\u00eb sa m\u00eb pak krim n\u00eb Kosov\u00eb n\u00eb Gjermani dhe n\u00eb Evrop\u00eb\u201d, tha ai.<\/p>\n<p>Drejtori i Departamentit p\u00ebr Bashk\u00ebpunim Nd\u00ebrkomb\u00ebtar n\u00eb Policin\u00eb Federale Gjermane, Thomas Przybyla, tha se me dor\u00ebzimin e k\u00ebtyre veturave po hedhin nj\u00eb hap tutje drejt forcimit t\u00eb bashk\u00ebpunimit n\u00eb mes Policis\u00eb s\u00eb Kosov\u00ebs dhe asaj Gjermane.<\/p>\n<p>\u201cSot \u00ebsht\u00eb nj\u00eb dit\u00eb e mir\u00eb p\u00ebr Policin\u00eb e Kosov\u00ebs si dhe p\u00ebr Policin\u00eb Federale t\u00eb Gjermanis\u00eb, me dor\u00ebzimin e k\u00ebtyre veturave t\u00eb policis\u00eb ne hedhim nj\u00eb hap tutje drejt forcimit t\u00eb bashk\u00ebpunimit i cili ka filluar duke b\u00ebr\u00eb trajnime t\u00eb p\u00ebrbashk\u00ebta, dhe ne presim q\u00eb t\u00eb hedhim hapa tjer\u00eb sa i p\u00ebrket dor\u00ebzimit t\u00eb pajisjeve tjera, k\u00ebshtu q\u00eb shfryt\u00ebzoj rastin p\u00ebr ta uruar Policin\u00eb e Kosov\u00ebs n\u00eb 20 vjetorin e saj dhe p\u00ebr t\u2019i fal\u00ebnderuar p\u00ebr ftes\u00ebn\u201d, tha ai.<\/p>\n<p>Ambasadori i Gjermanis\u00eb n\u00eb Kosov\u00ebs, Christian Heldt tha se n\u00eb k\u00ebt\u00eb vit jubilar p\u00ebr Policin\u00eb e Kosov\u00ebs qeveria gjermane ka ofruar nj\u00eb dhurat\u00eb t\u00eb mrekullueshme p\u00ebr Policin\u00eb e Kosov\u00ebs q\u00eb jan\u00eb 10 automjetet p\u00ebr Policin\u00eb kufitare.<\/p>\n<p>Ai ka theksuar edhe nj\u00ebher\u00eb mb\u00ebshtetjen e qeveris\u00eb gjermane p\u00ebr Policin\u00eb e Kosov\u00ebs me q\u00ebllim t\u00eb sundimit t\u00eb ligjit.<\/p>","protected":false},"excerpt":{"rendered":"<p>Me rastin e 20- vjetorit t\u00eb themelimit t\u00eb Policis\u00eb s\u00eb Kosov\u00ebs, policia Federale e Gjermanis\u00eb i ka dhuruar donacion 10 automjete Policis\u00eb s\u00eb Kosov\u00ebs. Drejtori i P\u00ebrgjithsh\u00ebm i Policis\u00eb s\u00eb Kosov\u00ebs, Rashit Qalaj tha se ka rastisur q\u00eb sot n\u00eb 20 vjetorin e themelimit t\u00eb Policis\u00eb s\u00eb Kosov\u00ebs t\u00eb marrin 10 automjete donacione nga Policia [&hellip;]<\/p>\n","protected":false},"author":2013,"featured_media":105180,"comment_status":"open","ping_status":"closed","sticky":false,"template":"","format":"standard","meta":{"footnotes":""},"categories":[241,2],"tags":[],"class_list":{"0":"post-105174","1":"post","2":"type-post","3":"status-publish","4":"format-standard","5":"has-post-thumbnail","7":"category-aktualitet","8":"category-rajoni"},"_links":{"self":[{"href":"https:\/\/zjarr.tv\/en\/wp-json\/wp\/v2\/posts\/105174","targetHints":{"allow":["GET"]}}],"collection":[{"href":"https:\/\/zjarr.tv\/en\/wp-json\/wp\/v2\/posts"}],"about":[{"href":"https:\/\/zjarr.tv\/en\/wp-json\/wp\/v2\/types\/post"}],"author":[{"embeddable":true,"href":"https:\/\/zjarr.tv\/en\/wp-json\/wp\/v2\/users\/2013"}],"replies":[{"embeddable":true,"href":"https:\/\/zjarr.tv\/en\/wp-json\/wp\/v2\/comments?post=105174"}],"version-history":[{"count":0,"href":"https:\/\/zjarr.tv\/en\/wp-json\/wp\/v2\/posts\/105174\/revisions"}],"wp:featuredmedia":[{"embeddable":true,"href":"https:\/\/zjarr.tv\/en\/wp-json\/wp\/v2\/media\/105180"}],"wp:attachment":[{"href":"https:\/\/zjarr.tv\/en\/wp-json\/wp\/v2\/media?parent=105174"}],"wp:term":[{"taxonomy":"category","embeddable":true,"href":"https:\/\/zjarr.tv\/en\/wp-json\/wp\/v2\/categories?post=105174"},{"taxonomy":"post_tag","embeddable":true,"href":"https:\/\/zjarr.tv\/en\/wp-json\/wp\/v2\/tags?post=105174"}],"curies":[{"name":"wp","href":"https:\/\/api.w.org\/{rel}","templated":true}]}}