{"id":105177,"date":"2019-09-06T14:33:11","date_gmt":"2019-09-06T12:33:11","guid":{"rendered":"https:\/\/zjarr.tv\/?p=105177"},"modified":"2019-09-06T14:33:11","modified_gmt":"2019-09-06T12:33:11","slug":"vucic-i-prere-ja-kushti-per-te-pranuar-pavaresine-e-kosoves","status":"publish","type":"post","link":"https:\/\/zjarr.tv\/en\/vucic-i-prere-ja-kushti-per-te-pranuar-pavaresine-e-kosoves\/","title":{"rendered":"Vu\u00e7i\u00e7 i prer\u00eb: Ja kushti p\u00ebr t\u00eb pranuar pavar\u00ebsin\u00eb e Kosov\u00ebs!"},"content":{"rendered":"<p><strong>Presidenti i Serbis\u00eb, Aleksandar Vu\u00e7i\u00e7, ka dal\u00eb n\u00eb nj\u00eb konferenc\u00eb p\u00ebr media pas takimit me senator\u00ebt amerikan\u00eb, Chris Murphy dhe Ron Johnson n\u00eb Beograd.<\/strong><\/p>\n<p>Presidenti Vu\u00e7i\u00e7 ka deklaruar sot se Serbia nuk mund ta njoh\u00eb pavar\u00ebsin\u00eb e Kosov\u00ebs n\u00ebse nuk vjen deri te nj\u00eb zgjidhje kompromisi dhe shtoi se pozicioni i Beogradit zyrtar p\u00ebr k\u00ebt\u00eb \u00e7\u00ebshtje nuk \u00ebsht\u00eb aspak i leht\u00eb.<\/p>\n<p><em>\u201cPozicioni yn\u00eb nuk \u00ebsht\u00eb aspak i leht\u00eb. Shqiptar\u00ebt presin t\u00eb marrin konfirmimin e asaj q\u00eb mendojn\u00eb se tashm\u00eb e kan\u00eb fituar. Nuk d\u00ebshirojn\u00eb t\u00eb pranojn\u00eb asgj\u00eb m\u00eb pak sepse nuk d\u00ebshirojn\u00eb t\u00eb pranojn\u00eb se kurr\u00eb nuk do t\u00eb jen\u00eb shtet i konsoliduar pa Serbin\u00eb. Sigurisht se presioni m\u00eb i madh do t\u00eb jet\u00eb mbi Serbin\u00eb. Por, Serbia nuk mund ta njoh\u00eb pavar\u00ebsin\u00eb n\u00ebse nuk vjen deri te nj\u00eb zgjidhje kompromisi. Nuk ka shum\u00eb filozofi. Mund t\u00eb na mundoj\u00eb kush do q\u00eb d\u00ebshiron\u201d,<\/em>\u00a0deklaroi Vu\u00e7i\u00e7 n\u00eb konferenc\u00eb p\u00ebr media.<\/p>\n<p>Pas takimit me senator\u00ebt amerikan\u00eb, Chris Murphy dhe Ron Johnson n\u00eb Beograd, Vu\u00e7i\u00e7 ka p\u00ebrs\u00ebritur q\u00ebndrimin se Serbia d\u00ebshiron arritjen e nj\u00eb zgjidhje kompromisi me Prishtin\u00ebn dhe se ajo marr\u00ebveshje nuk duhet t\u00eb p\u00ebrfaq\u00ebsoj\u00eb vet\u00ebm realizimin e k\u00ebrkesave t\u00eb nj\u00ebr\u00ebs pal\u00eb, e pala serbe t\u00eb mos fitoj\u00eb asgj\u00eb.<\/p>\n<p><em>\u201cP\u00ebrmir\u00ebsimi i raporteve mes serb\u00ebve dhe shqiptar\u00ebve dhe arritja e paqes s\u00eb q\u00ebndrueshme mes dy popujve m\u00eb t\u00eb m\u00ebdhenj n\u00eb Ballkanin Per\u00ebndimor do t\u00eb ishte shum\u00eb e dobishme, jo vet\u00ebm p\u00ebr ata dy popuj por edhe p\u00ebr t\u00eb gjith\u00eb t\u00eb tjer\u00ebt q\u00eb jetojn\u00eb n\u00eb at\u00eb hap\u00ebsir\u00eb\u201d,<\/em>\u00a0u shpreh Vu\u00e7i\u00e7.<\/p>\n<p><strong>Ai ka th\u00ebn\u00eb se pjesa m\u00eb e madhe e bised\u00ebs me senator\u00ebt ka kaluar n\u00eb tem\u00ebn e Kosov\u00ebs dhe i fal\u00ebnderoi mysafir\u00ebt p\u00ebr angazhimin n\u00eb arritjen e nj\u00eb zgjidhjeje p\u00ebr vazhdimin e dialogut dhe arritjen e nj\u00eb kompromisi mes Beogradit dhe Prishtin\u00ebs.<\/strong><\/p>\n<p><em>\u201cSenator\u00ebt kan\u00eb treguar sa jan\u00eb t\u00eb k\u00ebnaqur me ekonomin\u00eb e Serbis\u00eb dhe sa shum\u00eb d\u00ebshirojn\u00eb t\u00eb ndryshojn\u00eb disa gj\u00ebra n\u00eb sundimin e s\u00eb drejt\u00ebs. Un\u00eb i kam d\u00ebgjuar dhe u kam th\u00ebn\u00eb se shum\u00eb gj\u00ebra mundemi dhe do t\u2019i p\u00ebrmir\u00ebsojm\u00eb\u201d,<\/em>\u00a0p\u00ebrfundoi Vu\u00e7i\u00e7.<\/p>","protected":false},"excerpt":{"rendered":"<p>Presidenti i Serbis\u00eb, Aleksandar Vu\u00e7i\u00e7, ka dal\u00eb n\u00eb nj\u00eb konferenc\u00eb p\u00ebr media pas takimit me senator\u00ebt amerikan\u00eb, Chris Murphy dhe Ron Johnson n\u00eb Beograd. Presidenti Vu\u00e7i\u00e7 ka deklaruar sot se Serbia nuk mund ta njoh\u00eb pavar\u00ebsin\u00eb e Kosov\u00ebs n\u00ebse nuk vjen deri te nj\u00eb zgjidhje kompromisi dhe shtoi se pozicioni i Beogradit zyrtar p\u00ebr k\u00ebt\u00eb [&hellip;]<\/p>\n","protected":false},"author":2013,"featured_media":69258,"comment_status":"open","ping_status":"closed","sticky":false,"template":"","format":"standard","meta":{"footnotes":""},"categories":[241,2],"tags":[],"class_list":{"0":"post-105177","1":"post","2":"type-post","3":"status-publish","4":"format-standard","5":"has-post-thumbnail","7":"category-aktualitet","8":"category-rajoni"},"_links":{"self":[{"href":"https:\/\/zjarr.tv\/en\/wp-json\/wp\/v2\/posts\/105177","targetHints":{"allow":["GET"]}}],"collection":[{"href":"https:\/\/zjarr.tv\/en\/wp-json\/wp\/v2\/posts"}],"about":[{"href":"https:\/\/zjarr.tv\/en\/wp-json\/wp\/v2\/types\/post"}],"author":[{"embeddable":true,"href":"https:\/\/zjarr.tv\/en\/wp-json\/wp\/v2\/users\/2013"}],"replies":[{"embeddable":true,"href":"https:\/\/zjarr.tv\/en\/wp-json\/wp\/v2\/comments?post=105177"}],"version-history":[{"count":0,"href":"https:\/\/zjarr.tv\/en\/wp-json\/wp\/v2\/posts\/105177\/revisions"}],"wp:featuredmedia":[{"embeddable":true,"href":"https:\/\/zjarr.tv\/en\/wp-json\/wp\/v2\/media\/69258"}],"wp:attachment":[{"href":"https:\/\/zjarr.tv\/en\/wp-json\/wp\/v2\/media?parent=105177"}],"wp:term":[{"taxonomy":"category","embeddable":true,"href":"https:\/\/zjarr.tv\/en\/wp-json\/wp\/v2\/categories?post=105177"},{"taxonomy":"post_tag","embeddable":true,"href":"https:\/\/zjarr.tv\/en\/wp-json\/wp\/v2\/tags?post=105177"}],"curies":[{"name":"wp","href":"https:\/\/api.w.org\/{rel}","templated":true}]}}