{"id":105518,"date":"2019-09-08T14:16:12","date_gmt":"2019-09-08T12:16:12","guid":{"rendered":"https:\/\/zjarr.tv\/?p=105518"},"modified":"2019-09-08T14:16:12","modified_gmt":"2019-09-08T12:16:12","slug":"pogradec-21-vjecarit-i-thyejne-xhamat-e-benzit-dhe-e-plagosin","status":"publish","type":"post","link":"https:\/\/zjarr.tv\/en\/pogradec-21-vjecarit-i-thyejne-xhamat-e-benzit-dhe-e-plagosin\/","title":{"rendered":"Pogradec, 21- vje\u00e7arit i thyejn\u00eb xhamat e \u201cBenzit\u201d dhe e plagosin"},"content":{"rendered":"<p>Specialist\u00ebt p\u00ebr Hetimin e Krimeve n\u00eb Komisariatin e Policis\u00eb Pogradec, b\u00ebn\u00eb arrestimin n\u00eb flagranc\u00eb t\u00eb shtetasit A.H., 25 vje\u00e7, si edhe b\u00ebn\u00eb shpalljen n\u00eb k\u00ebrkim t\u00eb shtetasit S.S., 24 vje\u00e7, banues n\u00eb Pogradec.<\/p>\n<p>Shtetasit e m\u00ebsip\u00ebrm, dyshohet se p\u00ebr motive t\u00eb dob\u00ebta, kan\u00eb plagosur me sende t\u00eb forta, n\u00eb fshatin Bu\u00e7imas, shtetasin R.\u00c7., 21 vje\u00e7, t\u00eb cilit i kan\u00eb thyer edhe xhamat e automjetit t\u00eb tij tip &#8220;Benz&#8221;.<\/p>\n<p>Shtetasi R.\u00c7., aktualisht ndodhet n\u00eb Spitalin e Kor\u00e7\u00ebs, jasht\u00eb rrezikut p\u00ebr jet\u00ebn.<\/p>\n<p>Policia po punon p\u00ebr kapjen e shtetasit S.S., dhe materialet n\u00eb ngarkim t\u00eb tyre, ia referoi \u00a0Prokuroris\u00eb pran\u00eb Gjykat\u00ebs s\u00eb Shkall\u00ebs s\u00eb Par\u00eb Pogradec p\u00ebr veprime t\u00eb m\u00ebtejshme hetimore.<\/p>","protected":false},"excerpt":{"rendered":"<p>Specialist\u00ebt p\u00ebr Hetimin e Krimeve n\u00eb Komisariatin e Policis\u00eb Pogradec, b\u00ebn\u00eb arrestimin n\u00eb flagranc\u00eb t\u00eb shtetasit A.H., 25 vje\u00e7, si edhe b\u00ebn\u00eb shpalljen n\u00eb k\u00ebrkim t\u00eb shtetasit S.S., 24 vje\u00e7, banues n\u00eb Pogradec. Shtetasit e m\u00ebsip\u00ebrm, dyshohet se p\u00ebr motive t\u00eb dob\u00ebta, kan\u00eb plagosur me sende t\u00eb forta, n\u00eb fshatin Bu\u00e7imas, shtetasin R.\u00c7., 21 vje\u00e7, [&hellip;]<\/p>\n","protected":false},"author":2013,"featured_media":105523,"comment_status":"open","ping_status":"closed","sticky":false,"template":"","format":"standard","meta":{"footnotes":""},"categories":[241,235],"tags":[],"class_list":{"0":"post-105518","1":"post","2":"type-post","3":"status-publish","4":"format-standard","5":"has-post-thumbnail","7":"category-aktualitet","8":"category-vendi"},"_links":{"self":[{"href":"https:\/\/zjarr.tv\/en\/wp-json\/wp\/v2\/posts\/105518","targetHints":{"allow":["GET"]}}],"collection":[{"href":"https:\/\/zjarr.tv\/en\/wp-json\/wp\/v2\/posts"}],"about":[{"href":"https:\/\/zjarr.tv\/en\/wp-json\/wp\/v2\/types\/post"}],"author":[{"embeddable":true,"href":"https:\/\/zjarr.tv\/en\/wp-json\/wp\/v2\/users\/2013"}],"replies":[{"embeddable":true,"href":"https:\/\/zjarr.tv\/en\/wp-json\/wp\/v2\/comments?post=105518"}],"version-history":[{"count":0,"href":"https:\/\/zjarr.tv\/en\/wp-json\/wp\/v2\/posts\/105518\/revisions"}],"wp:featuredmedia":[{"embeddable":true,"href":"https:\/\/zjarr.tv\/en\/wp-json\/wp\/v2\/media\/105523"}],"wp:attachment":[{"href":"https:\/\/zjarr.tv\/en\/wp-json\/wp\/v2\/media?parent=105518"}],"wp:term":[{"taxonomy":"category","embeddable":true,"href":"https:\/\/zjarr.tv\/en\/wp-json\/wp\/v2\/categories?post=105518"},{"taxonomy":"post_tag","embeddable":true,"href":"https:\/\/zjarr.tv\/en\/wp-json\/wp\/v2\/tags?post=105518"}],"curies":[{"name":"wp","href":"https:\/\/api.w.org\/{rel}","templated":true}]}}