{"id":105520,"date":"2019-09-08T14:15:39","date_gmt":"2019-09-08T12:15:39","guid":{"rendered":"https:\/\/zjarr.tv\/?p=105520"},"modified":"2019-09-08T14:15:39","modified_gmt":"2019-09-08T12:15:39","slug":"gabimi-trashanik-me-himbin-shqiptar-macron-i-kerkon-falje-rames","status":"publish","type":"post","link":"https:\/\/zjarr.tv\/en\/gabimi-trashanik-me-himbin-shqiptar-macron-i-kerkon-falje-rames\/","title":{"rendered":"Gabimi trashanik me himbin shqiptar, Macron i k\u00ebrkon falje Ram\u00ebs"},"content":{"rendered":"<p>Ngat\u00ebrrimi i himnit komb\u00ebtar shqiptar me at\u00eb t\u00eb Andorr\u00ebs n\u00eb stadiumin e Franc\u00ebs, nd\u00ebrsa pritej t\u00eb fillonte ndeshja Franc\u00eb-Shqip\u00ebri revoltoi tifozerin\u00eb, mbr\u00ebmjen e djeshme.<\/p>\n<p>Lidhur me k\u00ebt\u00eb gjest ka reaguar edhe presidenti i Franc\u00ebs Emmanuel Macron, i cili i ka p\u00ebrcjell\u00eb nj\u00eb mesazh kryeministrit Edi Rama ku i k\u00ebrkon ndjes\u00eb p\u00ebr ngat\u00ebrrimin e himnit.<\/p>\n<p>Lajmi konfirmohet p\u00ebr RTV Ora nga kryeministria.<\/p>\n<p>Macron e quan at\u00eb nj\u00eb gabim t\u00eb patoleruesh\u00ebm t\u00eb Federat\u00ebs Franceze t\u00eb Futbollit dhe ka vler\u00ebsuar reagimin e lojtar\u00ebve shqiptar\u00eb dhe ka th\u00ebn\u00eb se e konsideronte sidoqoft\u00eb t\u00eb nevojshme, shprehjen e nj\u00eb ndjes\u00eb t\u00eb sinqert\u00eb.<\/p>","protected":false},"excerpt":{"rendered":"<p>Ngat\u00ebrrimi i himnit komb\u00ebtar shqiptar me at\u00eb t\u00eb Andorr\u00ebs n\u00eb stadiumin e Franc\u00ebs, nd\u00ebrsa pritej t\u00eb fillonte ndeshja Franc\u00eb-Shqip\u00ebri revoltoi tifozerin\u00eb, mbr\u00ebmjen e djeshme. Lidhur me k\u00ebt\u00eb gjest ka reaguar edhe presidenti i Franc\u00ebs Emmanuel Macron, i cili i ka p\u00ebrcjell\u00eb nj\u00eb mesazh kryeministrit Edi Rama ku i k\u00ebrkon ndjes\u00eb p\u00ebr ngat\u00ebrrimin e himnit. Lajmi [&hellip;]<\/p>\n","protected":false},"author":2013,"featured_media":105521,"comment_status":"open","ping_status":"closed","sticky":false,"template":"","format":"standard","meta":{"footnotes":""},"categories":[241,235],"tags":[],"class_list":{"0":"post-105520","1":"post","2":"type-post","3":"status-publish","4":"format-standard","5":"has-post-thumbnail","7":"category-aktualitet","8":"category-vendi"},"_links":{"self":[{"href":"https:\/\/zjarr.tv\/en\/wp-json\/wp\/v2\/posts\/105520","targetHints":{"allow":["GET"]}}],"collection":[{"href":"https:\/\/zjarr.tv\/en\/wp-json\/wp\/v2\/posts"}],"about":[{"href":"https:\/\/zjarr.tv\/en\/wp-json\/wp\/v2\/types\/post"}],"author":[{"embeddable":true,"href":"https:\/\/zjarr.tv\/en\/wp-json\/wp\/v2\/users\/2013"}],"replies":[{"embeddable":true,"href":"https:\/\/zjarr.tv\/en\/wp-json\/wp\/v2\/comments?post=105520"}],"version-history":[{"count":0,"href":"https:\/\/zjarr.tv\/en\/wp-json\/wp\/v2\/posts\/105520\/revisions"}],"wp:featuredmedia":[{"embeddable":true,"href":"https:\/\/zjarr.tv\/en\/wp-json\/wp\/v2\/media\/105521"}],"wp:attachment":[{"href":"https:\/\/zjarr.tv\/en\/wp-json\/wp\/v2\/media?parent=105520"}],"wp:term":[{"taxonomy":"category","embeddable":true,"href":"https:\/\/zjarr.tv\/en\/wp-json\/wp\/v2\/categories?post=105520"},{"taxonomy":"post_tag","embeddable":true,"href":"https:\/\/zjarr.tv\/en\/wp-json\/wp\/v2\/tags?post=105520"}],"curies":[{"name":"wp","href":"https:\/\/api.w.org\/{rel}","templated":true}]}}