{"id":105770,"date":"2019-09-09T19:20:29","date_gmt":"2019-09-09T17:20:29","guid":{"rendered":"https:\/\/zjarr.tv\/?p=105770"},"modified":"2019-09-09T15:55:20","modified_gmt":"2019-09-09T13:55:20","slug":"qeveria-conte-kerkon-votebesimin-ne-parlamentin-italian","status":"publish","type":"post","link":"https:\/\/zjarr.tv\/en\/qeveria-conte-kerkon-votebesimin-ne-parlamentin-italian\/","title":{"rendered":"Qeveria Conte k\u00ebrkon vot\u00ebbesimin n\u00eb Parlamentin italian"},"content":{"rendered":"<p>Qeveria e re italiane e koalicionit 5 Yje-PD k\u00ebrkoi sot vot\u00ebbesimin n\u00eb Parlamentin italian.<\/p>\n<p>Kryeministri Giuseppe Conte ka prezantuar para deputet\u00ebve programin e ri qeveris\u00ebs duke e cil\u00ebsuar si nisjen e nj\u00eb stine t\u00eb re p\u00ebr Italin\u00eb.<\/p>\n<p>Kreu i ekzekutivit italian, qysh n\u00eb fillim t\u00eb fjal\u00ebs s\u00eb tij k\u00ebrkoj nj\u00eb kthes\u00eb dhe n\u00eb leksikun e fjalorit politik me premtimin se s\u00eb bashku me gjith\u00eb ministrat e tij, do t\u00eb kujdesen p\u00ebr p\u00ebrdorimin e nj\u00eb gjuh\u00eb m\u00eb t\u00eb p\u00ebrshtatshme, m\u00eb t\u00eb respektueshme ndaj njer\u00ebzve, si dhe me larmi idesh.<\/p>\n<p>Kreu i ekzekutivit t\u00eb ri ka premtuar se programi qeveris\u00ebs do t\u00eb jet\u00eb nj\u00eb pakt social e politik p\u00ebr nj\u00eb Itali t\u00eb s\u00eb ardhmes.<\/p>\n<p><em>&#8220;Me projektin e nj\u00eb shoq\u00ebrie ku duam t\u00eb jetojm\u00eb s\u00eb bashku me f\u00ebmij\u00ebt e nip\u00ebrit tan\u00eb,&#8221;<\/em>-tha ai.<\/p>\n<p>Programi i ri i qeveris\u00eb Conte 2 ka premtuar \u00e7erdhe e kopshte falas p\u00ebr familjet me t\u00eb ardhura t\u00eb ul\u00ebta e mesatare, universitete dhe shkolla cil\u00ebsore.<\/p>\n<p>Kryeministri Conte premtoi reduktimin e taksave, si dhe vendosjen e kufirit t\u00eb pag\u00ebs minimale t\u00eb detyrueshme.<\/p>\n<p><em>&#8220;Sfida kryesore e qeveris\u00eb s\u00eb re,&#8221;-<\/em>tha Conte,-<em>&#8220;\u00ebsht\u00eb jugu i Italis\u00eb, lufta kund\u00ebr nivelit t\u00eb lart\u00eb t\u00eb papun\u00ebsis\u00eb sidomos tek t\u00eb rinjt\u00eb, si dhe garantimin e kushteve p\u00ebr nj\u00eb jet\u00eb dinjitoze n\u00eb nj\u00eb vend civil.&#8221;<\/em><\/p>\n<p>Qeveria e re kuq-e verdh\u00eb, do t\u00eb rishikoj t\u00eb gjitha koncesionet e dh\u00ebna ndaj privat\u00ebve e n\u00eb ve\u00e7anti n\u00eb sektorin e transportit e autostradave n\u00eb respekt t\u00eb kujtimit t\u00eb 43 viktimave q\u00eb shkaktoI tragjedia e shembjes S\u00eb ur\u00ebs Morandi n\u00eb Genova, mes t\u00eb cil\u00ebve 2 t\u00eb rinj shqiptar\u00eb.<\/p>\n<p>Me shum\u00eb duartrokitje u prit\u00ebn fjal\u00ebt e kryeministrit Conte p\u00ebr reform\u00ebn kushtetuese e cila parashikon shkurtimin e numrit t\u00eb parlamentar\u00ebve.<\/p>\n<p>N\u00eb sektorin e sh\u00ebndet\u00ebsis\u00eb p\u00ebr alarmin e munges\u00ebs s\u00eb personelit, qeveria e re parashikon t&#8217;i gjej zgjidhje me nj\u00eb plan t\u00eb jasht\u00ebzakonsh\u00ebm em\u00ebrimesh p\u00ebr mjek\u00eb, infermier\u00eb e punonj\u00ebs sanitar\u00eb n\u00eb sektorin publik.<\/p>\n<p>Qeveria e re Conte2 konsiderohet si m\u00eb europeiste se ajo e koalicionit t\u00eb m\u00ebparsh\u00ebm Lidhja- 5 Yje, e n\u00eb raportin e ekzekutivit t\u00eb tij me Evrop\u00ebn, Conte u shpreh se:\u00a0<em>&#8220;Mbrojtja e interesit komb\u00ebtar nuk do t\u00eb thot\u00eb braktisje n\u00eb pozicione sterile izolimi, por mbrojtja e interesit komb\u00ebtar \u00ebsht\u00eb v\u00ebnia e vendit para gjith\u00e7kaje e pa u kusht\u00ebzuar nga presioni i fuqive ekonomike e ndikimet e jashtme t\u00eb panevojshme. Italia do t\u00eb punoj p\u00ebr t\u00eb p\u00ebrmir\u00ebsuar e zbatuar paktin e stabilitetit e zhvillimit n\u00eb BE, duke k\u00ebrkuar thjesht\u00ebsimin e rregullave e mb\u00ebshtetjen e investimeve n\u00eb sektorin ambiental e social.&#8221;<\/em><\/p>\n<p>P\u00ebrballimin e kriz\u00ebs s\u00eb emigracionit, qeveria e re italiane k\u00ebrkon ta kryej me nj\u00eb politik\u00eb t\u00eb re jo m\u00eb emergjence por me nj\u00eb qasje strukturore n\u00eb shum\u00eb nivele, me p\u00ebrgjegj\u00ebsi e m\u00eb nj\u00eb normativ\u00eb organike q\u00eb do vazhdoj\u00eb t\u00eb ndjek luft\u00ebn kund\u00ebr trafikut ilegal t\u00eb qenieve njer\u00ebzore.<\/p>\n<p>N\u00eb fush\u00ebn e siguris\u00eb, Giuseppe Conte u shpreh se kjo qeveri do t\u00eb rishikoj ligjin e siguris\u00eb t\u00eb hartuar nga Matteo Salvini, q\u00eb do b\u00ebhet n\u00ebn sugjerimet e Presidentit Mattarella.<\/p>\n<p>Rreth or\u00ebs 19.30 pritet t\u00eb nis votimi i deputet\u00ebve p\u00ebr qeverin\u00eb Conte 2, rezultati i t\u00eb cilit pritet t\u00eb jepet pas or\u00ebs 21.30.<\/p>\n<p>P\u00ebr t\u00eb marr\u00eb vot\u00ebbesimin n\u00eb dhom\u00ebn e deputet\u00ebve, qeveris\u00eb Conte 2 i duhen t\u00eb pakt\u00ebn 316 vota nd\u00ebrsa n\u00eb Senat 161.<\/p>\n<p>Parashikimet flasin se n\u00eb dhom\u00ebn e deputet\u00ebve vot\u00ebbesimi \u00ebsht\u00eb i garantuar me mbi 340 vota.<\/p>\n<p>Dit\u00ebn e nes\u00ebrme, (10 shtator) kryeministri Giuseppe Conte do t\u00eb k\u00ebrkoj\u00eb vot\u00ebbesimin dhe n\u00eb dhom\u00ebn e Senatit t\u00eb Parlamentit Italian.<\/p>\n<p>M\u00eb delikate pritet t\u00eb jet\u00eb vot\u00ebbesimin n\u00eb Senat ku mazhoranca absolute k\u00ebrkon 161 vota dhe parashikimet shkojn\u00eb n\u00eb 162 vota pro qeveris\u00eb Conte.<\/p>","protected":false},"excerpt":{"rendered":"<p>Qeveria e re italiane e koalicionit 5 Yje-PD k\u00ebrkoi sot vot\u00ebbesimin n\u00eb Parlamentin italian. Kryeministri Giuseppe Conte ka prezantuar para deputet\u00ebve programin e ri qeveris\u00ebs duke e cil\u00ebsuar si nisjen e nj\u00eb stine t\u00eb re p\u00ebr Italin\u00eb. Kreu i ekzekutivit italian, qysh n\u00eb fillim t\u00eb fjal\u00ebs s\u00eb tij k\u00ebrkoj nj\u00eb kthes\u00eb dhe n\u00eb leksikun e [&hellip;]<\/p>\n","protected":false},"author":2013,"featured_media":105771,"comment_status":"open","ping_status":"closed","sticky":false,"template":"","format":"standard","meta":{"footnotes":""},"categories":[241,191],"tags":[],"class_list":{"0":"post-105770","1":"post","2":"type-post","3":"status-publish","4":"format-standard","5":"has-post-thumbnail","7":"category-aktualitet","8":"category-bota"},"_links":{"self":[{"href":"https:\/\/zjarr.tv\/en\/wp-json\/wp\/v2\/posts\/105770","targetHints":{"allow":["GET"]}}],"collection":[{"href":"https:\/\/zjarr.tv\/en\/wp-json\/wp\/v2\/posts"}],"about":[{"href":"https:\/\/zjarr.tv\/en\/wp-json\/wp\/v2\/types\/post"}],"author":[{"embeddable":true,"href":"https:\/\/zjarr.tv\/en\/wp-json\/wp\/v2\/users\/2013"}],"replies":[{"embeddable":true,"href":"https:\/\/zjarr.tv\/en\/wp-json\/wp\/v2\/comments?post=105770"}],"version-history":[{"count":0,"href":"https:\/\/zjarr.tv\/en\/wp-json\/wp\/v2\/posts\/105770\/revisions"}],"wp:featuredmedia":[{"embeddable":true,"href":"https:\/\/zjarr.tv\/en\/wp-json\/wp\/v2\/media\/105771"}],"wp:attachment":[{"href":"https:\/\/zjarr.tv\/en\/wp-json\/wp\/v2\/media?parent=105770"}],"wp:term":[{"taxonomy":"category","embeddable":true,"href":"https:\/\/zjarr.tv\/en\/wp-json\/wp\/v2\/categories?post=105770"},{"taxonomy":"post_tag","embeddable":true,"href":"https:\/\/zjarr.tv\/en\/wp-json\/wp\/v2\/tags?post=105770"}],"curies":[{"name":"wp","href":"https:\/\/api.w.org\/{rel}","templated":true}]}}